{"found":55446,"hits":[{"document":{"authors":[{"contributor_roles":[],"family":"Silber","given":"David"}],"blog":{"authors":null,"community_id":"ad6b31bb-31f3-4277-bcf1-7bc662d83893","created":1740441600,"current_feed_url":null,"description":"Netzwerk Fluchtforschung ist ein multi-disziplin\u00e4res Netzwerk von Wissenschaftler*innen die zu jeglichen Aspekten von Flucht und Fl\u00fcchtlingsschutz forschen.","doi":"https://doi.org/10.59350/fluchtforschung","favicon":"https://rogue-scholar.org/api/communities/ad6b31bb-31f3-4277-bcf1-7bc662d83893/logo","feed_format":"application/atom+xml","feed_url":"https://fluchtforschung.net/feed/atom/","filter":null,"generator":"WordPress","home_page_url":"https://fluchtforschung.net/","issn":null,"language":"deu","license":"https://creativecommons.org/licenses/by/4.0/legalcode","prefix":"10.59350","relative_url":null,"secure":true,"slug":"fluchtforschung","status":"active","subfield":"3312","title":"Netzwerk Fluchtforschung","updated":1788322555,"use_api":null},"blog_name":"Netzwerk Fluchtforschung","blog_slug":"fluchtforschung","content_html":"<p><em>Die Reform des Gemeinsamen Europ\u00e4ischen Asylsystems (GEAS) verspricht besonderen Schutz f\u00fcr unbegleitete minderj\u00e4hrige Gefl\u00fcchtete. Gleichzeitig h\u00e4ngt dieser Schutz davon ab, ob Minderj\u00e4hrigkeit \u00fcberhaupt anerkannt wird. Der Beitrag zeigt am Beispiel Maltas, wie Altersfeststellungen \u00fcber den Zugang zu Schutzmechanismen entscheiden und argumentiert, dass diese Dynamik mit der Umsetzung der neuen GEAS-Grenzverfahren k\u00fcnftig weiter an Bedeutung gewinnen k\u00f6nnte.</em></p>\n<p>\u00a0</p>\n<p>Am 12. Juni 2026 begann die Anwendung der Reform des Gemeinsamen Europ\u00e4ischen Asylsystems (GEAS), die einen tiefgreifenden Umbau der europ\u00e4ischen Asylpolitik markiert. Neue Screening- und Grenzverfahren sollen <a href=\"https://www.europarl.europa.eu/topics/de/article/20170627STO78418/die-reform-des-gemeinsamen-europaischen-asylsystems\">Asylverfahren beschleunigen, Zust\u00e4ndigkeiten harmonisieren und R\u00fcckf\u00fchrungen effizienter gestalten</a>. Kommissionspr\u00e4sidentin Ursula von der Leyen sprach in diesem Zusammenhang von einem <a href=\"https://www.eeas.europa.eu/eeas/fresh-start-new-pact-migration-and-asylum_en\">\"fresh start\"</a>. Insbesondere die Ausweitung geschlossener Grenzverfahren und die M\u00f6glichkeit l\u00e4ngerfristiger Freiheitsbeschr\u00e4nkungen an den EU-Au\u00dfengrenzen haben im Kontext der Reform <a href=\"https://www.medico.de/system-der-entrechtung-20554\">erhebliche Kritik</a> seitens Nichtregierungsorganisationen hervorgerufen. Gleichzeitig sieht die Reform f\u00fcr unbegleitete minderj\u00e4hrige Gefl\u00fcchtete besondere Verfahrensgarantien vor. Neben bereits bestehenden kinderrechtlichen Grunds\u00e4tzen wie der Ber\u00fccksichtigung des Kindeswohls z\u00e4hlt dazu insbesondere die weitgehende Ausnahme unbegleiteter Minderj\u00e4hriger von den neuen Asylgrenzverfahren. Damit pr\u00e4sentiert sich das neue GEAS nicht nur als Instrument migrationspolitischer Steuerung, sondern zugleich als ein System, das Effizienz und menschenrechtliche Standards miteinander verbinden will.</p>\n<p>Ob diese Schutzgarantien in der Praxis tats\u00e4chlich greifen, h\u00e4ngt jedoch von einer zentralen Voraussetzung ab: Minderj\u00e4hrige m\u00fcssen zun\u00e4chst \u00fcberhaupt als solche anerkannt werden. Das ist im Flucht- und Migrationsbereich kein neuer Umstand.\u00a0 Mit der Einf\u00fchrung der neuen Grenzverfahren ver\u00e4ndert sich jedoch die Tragweite dieser Entscheidung erheblich. W\u00e4hrend viele Schutzsuchende k\u00fcnftig Verfahren innerhalb geschlossener oder haft\u00e4hnlicher Einrichtungen durchlaufen sollen, sind unbegleitete Minderj\u00e4hrige hiervon grunds\u00e4tzlich ausgenommen. Die Altersfeststellung ist dabei der entscheidende Faktor, ob Betroffene den neuen Grenzverfahren und den damit verbundenen Freiheitsbeschr\u00e4nkungen unterworfen werden. Damit r\u00fcckt sie ins Zentrum dieses Reformversprechens.</p>\n<p>\u00c4hnliche Dynamiken zeigen sich bereits seit einiger Zeit am Beispiel Maltas. Als Inselstaat an der s\u00fcdlichen EU-Au\u00dfengrenze verfolgt Malta seit Jahren ein Grenzregime, das der Logik der neuen GEAS-Grenzverfahren \u00e4hnlich ist. Freiheitsbeschr\u00e4nkungen bilden dabei den <a href=\"https://aditus.org.mt/detentiondotmt/\">Regelfall</a>, w\u00e4hrend Ausnahmen insbesondere f\u00fcr als vulnerabel eingestufte Personen vorgesehen sind. Ob Betroffene Zugang zu diesen Ausnahmen erhalten, h\u00e4ngt ma\u00dfgeblich von Verfahren zur Feststellung von Vulnerabilit\u00e4t ab \u2013 etwa von der Anerkennung als Minderj\u00e4hrige*r. Dabei zeigen sowohl Berichte von <a href=\"https://timesofmalta.com/article/ngo-aditus-condemns-malta-detention-child-migrants-a2.1113191\">NGOs</a> als auch Gerichtsentscheidungen des <a href=\"https://hudoc.echr.coe.int/fre#{%22itemid%22:[%22001-237438%22]}\">Europ\u00e4ischen Gerichtshofs f\u00fcr Menschenrechte (EGMR)</a> wiederholt, dass trotz dieser Schutzversprechen Minderj\u00e4hrige regelm\u00e4\u00dfig inhaftiert werden.</p>\n<p>Der vorliegende Beitrag st\u00fctzt sich auf die Ergebnisse einer qualitativen Studie, die zwischen November 2024 und Januar 2025 auf Malta durchgef\u00fchrt wurde. Dabei bilden insgesamt sieben qualitative Interviews mit Rechtsanw\u00e4lt*innen und Sozialarbeiter*innen aus zivilgesellschaftlichen und staatlichen Organisationen, die in Malta mit Altersfeststellungen sowie dem Schutz unbegleiteter Minderj\u00e4hriger befasst sind, die Grundlage der Forschung, die anhand der qualitativen Inhaltsanalyse ausgewertet wurde. Die Interviews erm\u00f6glichen Einblicke in die Rolle der Altersfeststellung innerhalb des maltesischen Grenz- und Detentionssystems und deren Auswirkungen auf den Zugang zu Schutzmechanismen. Ausgehend von diesen Befunden wird anschlie\u00dfend diskutiert, welche Herausforderungen sich daraus f\u00fcr die Umsetzung der GEAS-Reform ergeben.</p>\n<p><strong>\u00a0</strong></p>\n<h2>Altersfeststellung im maltesischen Grenzregime</h2>\n<p>Schutzsuchende, die in Malta ankommen, werden seit Jahren unmittelbar nach ihrer Ankunft unterschiedlichen Formen der Freiheitsbeschr\u00e4nkung unterworfen. Dabei erfolgt eine grundlegende Unterscheidung zwischen Personen, die als vulnerabel gelten, und solchen, die dieser Kategorie nicht zugeordnet werden. W\u00e4hrend Familien mit Kindern sowie Personen, die als vulnerabel eingestuft werden \u2013 etwa Minderj\u00e4hrige \u2013 in sogenannten Open Centers untergebracht werden, bleiben alleinreisende M\u00e4nner in der Regel in geschlossenen Haftzentren, sogenannten Detention-Centern. Diese Praxis wurde sowohl von den interviewten Fachkr\u00e4ften als auch in Berichten von <a href=\"https://aditus.org.mt/detentiondotmt/\">NGOs</a> und <a href=\"https://help.unhcr.org/malta/arriving-in-malta-by-sea/\">internationalen Organisationen</a> beschrieben.</p>\n<p>Bereits hier, direkt nach Ankunft, entscheidet die erste Altersfeststellung damit unmittelbar dar\u00fcber, ob unbegleitete Minderj\u00e4hrige inhaftiert werden. Nach Aussagen der interviewten Fachkr\u00e4fte werden Jugendliche, deren Minderj\u00e4hrigkeit nicht direkt als \"offensichtlich\" wahrgenommen wird, zun\u00e4chst wie Erwachsene behandelt und in geschlossenen Einrichtungen untergebracht. Diese Praxis wurde sowohl von NGO-Mitarbeitenden als auch von staatlichen Akteur*innen best\u00e4tigt. Damit weicht die beschriebene Praxis <a href=\"https://www.right-to-education.org/sites/right-to-education.org/files/resource-attachments/CMW_CRC_Joint_general_comment_3_2017_En.pdf\">von zentralen kinderrechtlichen Grunds\u00e4tzen</a> ab. Sowohl die \"<a href=\"https://strasbourgobservers.com/2022/10/04/age-assessment-and-the-presumption-of-minority-as-a-prerequisite-for-effective-human-rights-protection-of-asylum-seekers-a-discussion-of-darboe-and-camara-v-italy/\">presumption of minority</a>\" als auch der \"benefit of the doubt\" verlangen, dass Personen bei Zweifeln \u00fcber ihr Alter zun\u00e4chst als minderj\u00e4hrig behandelt werden, bis ihre Vollj\u00e4hrigkeit zweifelsfrei festgestellt wurde. Die in den Interviews und Berichten geschilderte Praxis deutet hingegen darauf hin, dass in Malta h\u00e4ufig zun\u00e4chst von einer Vollj\u00e4hrigkeit ausgegangen wird. Aus kinderrechtlicher Perspektive wird damit die grundlegende Schutzlogik dieser Prinzipien faktisch umgekehrt.</p>\n<p>Die Inhaftierung hat f\u00fcr die Betroffenen erhebliche Auswirkungen. Maltesische Detention-Center sind rigide Haftanstalten, in denen Schutzsuchende teilweise \u00fcber viele Monate unter stark restriktiven Bedingungen festgehalten werden. Sowohl die Interviewteilnehmer*innen als auch <a href=\"https://asylumineurope.org/reports/country/malta/detention-asylum-seekers/detention-conditions/conditions-detention-facilities/\">NGO-Berichte</a> beschreiben \u00fcberf\u00fcllte Zellen mit zahlreichen Personen auf engem Raum, eingeschr\u00e4nktem Zugang zu hygienischer Versorgung sowie dem Konfiszieren pers\u00f6nlicher Gegenst\u00e4nde wie Mobiltelefonen oder eigener Kleidung. Stattdessen werden Betroffene mit <a href=\"https://rm.coe.int/1680b6a535#page=41\">Einheitskleidung und Identifikationsnummern</a> versehen, was von Fachkr\u00e4ften als Verlust pers\u00f6nlicher Identit\u00e4t und Entindividualisierung eingeordnet wird. Zudem werden Minderj\u00e4hrige bei Transfers oder externen Terminen in Handschellen vorgef\u00fchrt. Generell sind die Zugangsm\u00f6glichkeiten f\u00fcr Anw\u00e4lt*innen stark eingeschr\u00e4nkt, w\u00e4hrend Sozialarbeiter*innen von NGOs \u00fcberhaupt keinen Zugang erhalten. Die einzige Kontaktm\u00f6glichkeit besteht \u00fcber ein Telefon, welches gerade nach Ankunft von neuen Schutzsuchenden <a href=\"https://timesofmalta.com/article/detention-centre-phones-often-off-blocking-migrants-lawyer.1123927\">teils bis zu zwei Wochen</a> blockiert werde. Die schlechten Bedingungen sowie die lange Unsicherheit \u00fcber den eigenen Status w\u00e4hrend laufender Verfahren f\u00fchren dabei teilweise zu erheblichen <a href=\"https://jrseurope.org/wp-content/uploads/sites/19/2020/07/JRS-Europe_Becoming-Vulnerable-In-Detention_June-2010_PUBLIC.pdf\">psychischen Belastungen und verst\u00e4rken bestehende Traumatisierungen</a>, wie <a href=\"https://link.springer.com/content/pdf/10.1186/s41018-019-0050-2.pdf\">Studien zeigen konnten</a>.</p>\n<p>Gleichzeitig verweisen insbesondere die Interviews mit nicht-staatlichen Akteur*innen auf erhebliche Zweifel hinsichtlich der Verl\u00e4sslichkeit der Altersfeststellungsverfahren selbst. Nach Aussagen mehrerer Befragter spielen subjektive Einsch\u00e4tzungen von Aussehen, Verhalten oder Auftreten der Betroffenen eine wichtige Rolle innerhalb des Verfahrens. Annahmen dar\u00fcber, wie sich Minderj\u00e4hrige \"typischerweise\" verhalten oder aussehen sollten, nehmen dabei ebenso Einfluss auf Entscheidungen wie westlich gepr\u00e4gte Vorstellungen \u00fcber Biografie, Familienstrukturen oder Geburtstage. Diese Ergebnisse korrespondieren mit <a href=\"https://www.sciencedirect.com/science/article/abs/pii/S0190740917308988\">Studien</a> aus anderen europ\u00e4ischen L\u00e4ndern, z.B. <a href=\"https://bristoluniversitypressdigital.com/view/journals/crsw/13/1/article-p95.xml\">Gro\u00dfbritannien</a>, <a href=\"https://onlinelibrary.wiley.com/doi/full/10.1111/chso.12415\">Norwegen</a> oder <a href=\"https://www.tandfonline.com/doi/full/10.1080/01419870.2024.2404483\">Deutschland</a>, die das Altersfeststellungsverfahren grunds\u00e4tzlich als subjektiv kritisieren. Hinzu kommt in Malta der Einsatz medizinischer Verfahren wie sogenannter Knochentests, obwohl deren geringe Aussagekraft seit Jahren <a href=\"https://academic.oup.com/ijrl/article-abstract/28/2/234/2223300\">wissenschaftlich belegt</a> ist.</p>\n<p>Im Falle einer Klassifizierung als vollj\u00e4hrig, besteht in Malta die M\u00f6glichkeit eines <a href=\"https://help.unhcr.org/malta/are-you-under-18/\">Widerspruchs innerhalb von drei Tagen</a>. Mehrere Interviewpartner*innen beschrieben allerdings, dass genau diese Widerspr\u00fcche der h\u00e4ufigste Grund f\u00fcr lange Detention-Aufenthalte von Minderj\u00e4hrigen seien, da sich diese Verfahren \u00fcber Monate hinziehen k\u00f6nnen. In dieser Zeit verbleiben die Betroffenen weiterhin in den geschlossenen Einrichtungen. Einzelne Fachkr\u00e4fte berichteten von F\u00e4llen, in denen Minderj\u00e4hrige erst nach acht Monaten offiziell als Kinder anerkannt wurden.</p>\n<p>Einen Hauptkritikpunkt am Altersfeststellungssystem sahen mehrere Teilnehmer*innen in der fehlenden institutionellen Unabh\u00e4ngigkeit innerhalb des Systems. Kritisch hervorgehoben wurde insbesondere die Rolle der <a href=\"https://awas.gov.mt/\">Agency for the Welfare of Asylum Seekers (AWAS)</a>, die sowohl Schutz- und Betreuungsfunktionen gegen\u00fcber unbegleiteten Minderj\u00e4hrigen \u00fcbernimmt als auch \u00fcber den Ausgang der Altersfeststellungsverfahren entscheidet. Mehrere Befragte beschrieben diese Doppelrolle als strukturellen Interessenkonflikt. Zudem verwiesen Interviews darauf, dass verschiedene staatliche Akteur*innen und Beh\u00f6rden innerhalb desselben institutionellen Gef\u00fcges eng miteinander verflochten sind, wodurch unabh\u00e4ngige Kontrolle und wirksame Beschwerdemechanismen zus\u00e4tzlich erschwert werden.</p>\n<p>Schlie\u00dflich deuten die Interviews darauf hin, dass die Altersfeststellung in Malta nicht ausschlie\u00dflich als administratives Verfahren wahrgenommen wird. Fachkr\u00e4fte beschrieben wiederholt rassistische und entw\u00fcrdigende Praktiken innerhalb der Haftzentren. So werde etwa im sogenannten \"Minderj\u00e4hrigenbereich\" gezielt Zeichentrickfilme f\u00fcr Kleinkinder im Fernsehen gezeigt, um Jugendliche, die angeben minderj\u00e4hrig zu sein, l\u00e4cherlich zu machen. Mehrere Befragte hatten den Eindruck, dass die Bedingungen gezielt abschreckend gestaltet w\u00fcrden und Minderj\u00e4hrigkeit nicht als Anlass f\u00fcr besonderen Schutz, sondern als potenzieller Versuch wahrgenommen werde, das System auszunutzen.</p>\n<p>\u00a0</p>\n<h2>Lehren aus Malta f\u00fcr das neue GEAS</h2>\n<p>Mit der neuen GEAS-Reform baut die EU die Nutzung beschleunigter Grenzverfahren innerhalb geschlossener beziehungsweise haft\u00e4hnlicher Einrichtungen erheblich aus. Schutzsuchende sollen k\u00fcnftig bereits unmittelbar nach ihrer Ankunft ein bis zu siebent\u00e4giges Screening-Verfahren durchlaufen, in dem Identit\u00e4t, Gesundheitszustand, Sicherheitsaspekte und potenzielle Vulnerabilit\u00e4ten festgestellt werden. Gleichzeitig findet dieses Verfahren weitgehend innerhalb geschlossener Strukturen statt, in denen der Zugang unabh\u00e4ngiger Akteur*innen erheblich eingeschr\u00e4nkt sein kann. Gerade unter solchen Bedingungen stellt sich die Frage, wie Schutzbedarfe \u00fcberhaupt verl\u00e4sslich identifiziert werden sollen.</p>\n<p>Im Anschluss sieht die Reform f\u00fcr einen Teil der Schutzsuchenden Asylverfahren an den EU-Au\u00dfengrenzen vor, bei denen sie w\u00e4hrenddessen rechtlich als \"nicht eingereist\" gelten. Die sogenannte \"<a href=\"https://verfassungsblog.de/kein-vor-und-kein-zuruck/\">Fiktion der Nichteinreise</a>\" erm\u00f6glicht es, diese Verfahren an den Au\u00dfengrenzen durchzuf\u00fchren, ohne dass die betroffenen Personen rechtlich als in das Hoheitsgebiet eingereist gelten. In der Praxis schafft sie damit die Voraussetzung f\u00fcr Freiheitsbeschr\u00e4nkungen, denn Grenzverfahren, die eine Fiktion der Nichteinreise voraussetzen, sind \"<a href=\"https://b-umf.de/src/wp-content/uploads/2025/07/gutachten-geas-hruschka-nestler-2025.pdf#page=36\">ohne Ma\u00dfnahmen mit freiheitsentziehendem Charakter nicht vorstellbar</a>\". Betroffen sind insbesondere Schutzsuchende aus Herkunftsstaaten mit niedrigen EU-weiten Anerkennungsquoten sowie Personen, denen eine Einreise \u00fcber sogenannte \"sichere Drittstaaten\" zugeschrieben wird.</p>\n<p>Zwar sieht die Reform vor, dass unbegleitete Minderj\u00e4hrige grunds\u00e4tzlich von den neuen Grenzverfahren ausgenommen bleiben. In der Praxis greift dieser Schutz jedoch nur dann, wenn Minderj\u00e4hrigkeit zuvor anerkannt wurde. Damit erh\u00e4lt die Altersfeststellung innerhalb des GEAS eine \u00e4hnliche Schl\u00fcsselfunktion wie bereits heute im maltesischen Grenzregime. Sie entscheidet dar\u00fcber, wer Zugang zu Schutzmechanismen erh\u00e4lt \u2013 und wer weiterhin den Logiken beschleunigter Grenzverfahren und Freiheitsbeschr\u00e4nkungen unterworfen bleibt.</p>\n<p>Hinzu kommt, dass die Reform zahlreiche Fragen hinsichtlich der konkreten Ausgestaltung der Altersfeststellung offenl\u00e4sst. Zwar betont das GEAS multidisziplin\u00e4re Verfahren sowie den \"benefit of the doubt\", zugleich fehlen jedoch klare Vorgaben dazu, wie Betroffene w\u00e4hrend laufender Verfahren untergebracht werden sollen, wie unabh\u00e4ngige Kontrolle gew\u00e4hrleistet werden kann oder welche Schutzmechanismen greifen, solange Minderj\u00e4hrigkeit noch nicht offiziell anerkannt wurde. Gerade die Erfahrungen aus Malta verdeutlichen jedoch, welche erheblichen Konsequenzen diese Phase der Unsicherheit f\u00fcr Betroffene haben kann.</p>\n<p>\u00a0</p>\n<h2>Vulnerabilit\u00e4t als Zugang zu Schutz</h2>\n<p>Die Erfahrungen aus Malta legen nahe, dass mit der Ausweitung beschleunigter Grenzverfahren jene Vulnerabilit\u00e4tskategorien an Bedeutung gewinnen, die besondere Schutzrechte vermitteln. Schutz wird dabei nicht von vornherein gew\u00e4hrt, sondern setzt zun\u00e4chst voraus, dass Personen administrativ als schutzbed\u00fcrftig anerkannt werden. Gerade der Altersfeststellung kommt dabei eine zentrale Bedeutung zu, da sie dar\u00fcber entscheidet, ob Betroffene Zugang zu Schutzmechanismen erhalten oder den Grenzverfahren und den damit verbundenen Freiheitsbeschr\u00e4nkungen unterworfen bleiben.</p>\n<p style=\"text-align: left;\">Diese Entwicklung kann eine paradoxe Dynamik hervorrufen. Je st\u00e4rker Schutzrechte an die Anerkennung spezifischer Vulnerabilit\u00e4ten gekn\u00fcpft werden, desto st\u00e4rker geraten diese Kategorien selbst unter Rechtfertigungs- und Verdachtsdruck. Altersfeststellungen dienen weniger der Feststellung objektiver Tatsachen als vielmehr der Entscheidung dar\u00fcber, <a href=\"https://journals.sagepub.com/doi/pdf/10.1177/20436106251319471?__cf_chl_f_tk=vO8EWM4.4ynpJJYNVvsA_RM4IcAkJN64W.spc_TyVcg-1783264059-1.0.1.1-Xi8UbkF841BUiL6i6ttVzsohToCL29hwT2yq6YSjiT4\">\"wer schutzw\u00fcrdig ist\" und wer als \"Betr\u00fcger\"</a> erscheint, der das System missbraucht. Die Erfahrungen aus Malta lassen sich vor diesem Hintergrund als Beispiel daf\u00fcr lesen, wie Vulnerabilit\u00e4t nicht nur zur Grundlage von Schutz, sondern zugleich zu einem Gegenstand migrationspolitischer Kontrolle werden kann.</p>\n<p>Mit der Umsetzung des neuen GEAS d\u00fcrfte die Bedeutung dieser Dynamik weiter zunehmen. Je gr\u00f6\u00dfer die rechtlichen Unterschiede zwischen denjenigen sind, die als schutzbed\u00fcrftig anerkannt werden, und denjenigen, die den Grenzverfahren unterworfen bleiben, desto folgenreicher werden die Verfahren, die \u00fcber diese Einordnung entscheiden. Damit stellt sich die grunds\u00e4tzliche Frage, inwieweit Schutzklauseln tats\u00e4chlich geeignet sind, die Ausweitung restriktiver Grenzverfahren menschenrechtlich abzusichern. Denn je st\u00e4rker Freiheitsbeschr\u00e4nkungen durch Ausnahmen f\u00fcr bestimmte Gruppen legitimiert werden, desto entscheidender wird, ob diese Gruppen auch tats\u00e4chlich zuverl\u00e4ssig identifiziert werden k\u00f6nnen. Andernfalls besteht die Gefahr, dass die vorgesehenen Ausnahmen f\u00fcr vulnerable Personen zur Legitimation eines restriktiven Grenzregimes beitragen, w\u00e4hrend der tats\u00e4chliche Zugang zu diesen Schutzrechten von vorgelagerten Verwaltungsentscheidungen abh\u00e4ngt.</p>\n<p>Der Beitrag <a href=\"https://fluchtforschung.net/altersfeststellung-als-zugangsschwelle-zu-schutz-lehren-aus-malta-fuer-das-neue-geas/\">Altersfeststellung als Zugangsschwelle zu Schutz: Lehren aus Malta f\u00fcr das neue GEAS</a> erschien zuerst auf <a href=\"https://fluchtforschung.net\">Netzwerk Fluchtforschung</a>.</p>","doi":"https://doi.org/10.59350/3fxks-51f10","guid":"https://fluchtforschung.net/?p=15937","language":"de","license":"https://creativecommons.org/licenses/by/4.0/legalcode","published_at":1788307200,"rid":"9cg2x-f8v76","summary":"Die Reform des Gemeinsamen Europ\u00e4ischen Asylsystems (GEAS) verspricht besonderen Schutz f\u00fcr unbegleitete minderj\u00e4hrige Gefl\u00fcchtete. Gleichzeitig h\u00e4ngt dieser Schutz davon ab, ob Minderj\u00e4hrigkeit \u00fcberhaupt anerkannt wird.","tags":["Deutsch","Forschung","EU-Au\u00dfengrenze","Gemeinsamen Europ\u00e4ischen Asylsystems (GEAS)","Unbegleitete Minderj\u00e4hrige Gefl\u00fcchtete"],"title":"Altersfeststellung als Zugangsschwelle zu Schutz: Lehren aus Malta f\u00fcr das neue GEAS","updated_at":1788323164,"url":"https://fluchtforschung.net/altersfeststellung-als-zugangsschwelle-zu-schutz-lehren-aus-malta-fuer-das-neue-geas/","version":"v1"}},{"document":{"authors":[{"contributor_roles":[],"name":"Collectif"}],"blog":{"authors":null,"community_id":"310eb31b-74ce-47d8-9f4f-7ae4dae66b49","created":1708300800,"current_feed_url":null,"description":null,"doi":"https://doi.org/10.59350/zotero_fr","favicon":"https://rogue-scholar.org/api/communities/310eb31b-74ce-47d8-9f4f-7ae4dae66b49/logo","feed_format":"application/atom+xml","feed_url":"https://zotero.hypotheses.org/feed/atom/","filter":null,"generator":"WordPress","home_page_url":"https://zotero.hypotheses.org","issn":null,"language":"fra","license":"https://creativecommons.org/licenses/by/4.0/legalcode","prefix":"10.59350","relative_url":null,"secure":true,"slug":"zotero_fr","status":"active","subfield":"1710","title":"Le blog Zotero francophone","updated":1788191754,"use_api":true},"blog_name":"Le blog Zotero francophone","blog_slug":"zotero_fr","content_html":"<div id=\"attachment_1114\" class=\"wp-caption aligncenter\"\nstyle=\"width: 610px\">\n<p><a href=\"http://zotero.hypotheses.org/760/daniel_kulinski\"\nrel=\"attachment wp-att-1114\"><img\nsrc=\"http://zotero.hypotheses.org/files/2015/07/daniel_kulinski-1024x683.jpg\"\nclass=\"wp-image-1114\" aria-describedby=\"caption-attachment-1114\"\ndecoding=\"async\" loading=\"lazy\"\nsrcset=\"https://zotero.hypotheses.org/files/2015/07/daniel_kulinski-1024x683.jpg 1024w, https://zotero.hypotheses.org/files/2015/07/daniel_kulinski-300x200.jpg 300w, https://zotero.hypotheses.org/files/2015/07/daniel_kulinski-768x512.jpg 768w, https://zotero.hypotheses.org/files/2015/07/daniel_kulinski.jpg 2048w\"\nsizes=\"(max-width: 600px) 100vw, 600px\" width=\"600\" height=\"400\"\nalt=\"image_crayons\" /></a></p>\n<p>Auteur : Daniel Kulinski \u2013 CC-BY-NC-SA \u2013 Source : Flickr</p>\n</div>\n<p>Lorsque vous enregistrez des documents dans Zotero, toutes les\ninformations ne sont pas forc\u00e9ment bien format\u00e9es, et il est parfois\nn\u00e9cessaire de proc\u00e9der \u00e0 des corrections manuelles. Zotero permet\nd'effectuer tr\u00e8s facilement de petites retouches.</p>\n<p>Nous allons alors voir :</p>\n<ul>\n<li><a href=\"#astuce1\">comment inverser le nom et le pr\u00e9nom</a> ;</li>\n<li><a href=\"#astuce2\">comment appliquer \u00e0 une partie d'un champ des\ncaract\u00e9ristiques typographiques</a> telles que l'italique, pour un nom\nd'esp\u00e8ce mentionn\u00e9 dans un titre par exemple ;</li>\n<li><a href=\"#astuce3\">comment modifier la casse du titre</a>, du titre\nabr\u00e9g\u00e9 ou du titre de la publication ;</li>\n<li>et, en bonus, <a href=\"#bonus\">comment param\u00e9trer la casse du titre\ndans un style CSL</a>.</li>\n</ul>\n<h2 id=\"inverser-le-nom-et-le-pr\u00e9nom\"><span id=\"astuce1\"></span>Inverser\nle nom et le pr\u00e9nom</h2>\n<p><img\nsrc=\"http://zotero.hypotheses.org/files/2015/07/inversion-nom-pr\u00e9nom.png\"\nclass=\"aligncenter size-full wp-image-1060\" decoding=\"async\"\nloading=\"lazy\"\nsrcset=\"https://zotero.hypotheses.org/files/2015/07/inversion-nom-pr\u00e9nom.png 405w, https://zotero.hypotheses.org/files/2015/07/inversion-nom-pr\u00e9nom-300x233.png 300w\"\nsizes=\"(max-width: 405px) 100vw, 405px\" width=\"405\" height=\"315\"\nalt=\"Capture d&#39;\u00e9cran montrant l&#39;option \u00abInverser pr\u00e9nom/nom\u00bb\" /></p>\n<p>Les options d'inversion du nom/pr\u00e9nom et de modification de la casse\ndu titre s'affichent par un simple <strong>clic-droit (ctrl + clic\ngauche pour les utilisateurs de Mac)</strong> dans le contenu des champs\nconcern\u00e9s.</p>\n<p>Cette fonctionnalit\u00e9 est disponible pour tous les champs de type\nauteur (y compris Auteur du livre, \u00c9diteur, Traducteur, Compositeur,\netc).</p>\n<h2 id=\"modifier-la-typographie\"><span id=\"astuce2\"></span>Modifier la\ntypographie</h2>\n<p>La \u00ab\u00a0Bo\u00eete \u00e0 outils des historiens\u00a0\u00bb a pr\u00e9sent\u00e9 en 2011 <a\nhref=\"http://www.boiteaoutils.info/2011/12/petites-astuces-zotero-mise-en-forme/\">en\nd\u00e9tail et en images le recours aux balises HTML</a> pour appliquer des\nmodifications typographiques \u00e0 quelques mots d'un champ. Rappelons donc\nseulement les balises utilisables, qui ont d'ailleurs un peu chang\u00e9.</p>\n<ul>\n<li><code>&lt;i&gt;</code> et <code>&lt;/i&gt;</code> pour des\n<em>italiques</em></li>\n<li><code>&lt;b&gt;</code> et <code>&lt;/b&gt;</code> pour mettre en\n<strong>gras</strong></li>\n<li><code>&lt;sub&gt;</code> et <code>&lt;/sub&gt;</code> pour mettre en\n<sub>indice</sub></li>\n<li><code>&lt;sup&gt;</code> et <code>&lt;/sup&gt;</code> pour mettre en\n<sup>exposant</sup></li>\n<li><code>&lt;span style=\"font-variant:small-caps;\"&gt;</code> et\n<code>&lt;/span&gt;</code> pour mettre en petites majuscules</li>\n</ul>\n<p>Soulignons que ces modifications s'envisagent uniquement pour une\npartie d'un champ : c'est par exemple utile si le titre d'un article\ncite le titre d'un ouvrage, qui devrait donc figurer en italique. En\nrevanche, si vous souhaitez que l'ensemble du titre soit en italique,\nchoisissez un style bibliographique pr\u00e9voyant ce type de formatage, ou\ncr\u00e9ez-en un int\u00e9grant ce param\u00e8tre.</p>\n<h2 id=\"modifier-la-casse\"><span id=\"astuce3\"></span>Modifier la\ncasse</h2>\n<p>Dans un <a href=\"https://zotero.hypotheses.org/511\"\ntarget=\"_blank\">pr\u00e9c\u00e9dent billet du blog</a>, nous avons d\u00e9j\u00e0 pr\u00e9sent\u00e9\nl'existence d'une fonctionnalit\u00e9 permettant de corriger la casse des\nchamps de type titre, tels que \u00ab\u00a0Titre abr\u00e9g\u00e9\u00a0\u00bb, \u00ab\u00a0Titre du livre\u00a0\u00bb,\n\u00ab\u00a0Publication\u00a0\u00bb, etc. Cette fonctionnalit\u00e9 a comme utilit\u00e9 d'appliquer\nune r\u00e8gle de majuscules choisie.</p>\n<p><img\nsrc=\"http://zotero.hypotheses.org/files/2015/07/transformer_texte.png\"\nclass=\"aligncenter wp-image-1074 size-full\" decoding=\"async\"\nloading=\"lazy\"\nsrcset=\"https://zotero.hypotheses.org/files/2015/07/transformer_texte.png 728w, https://zotero.hypotheses.org/files/2015/07/transformer_texte-300x103.png 300w\"\nsizes=\"(max-width: 728px) 100vw, 728px\" width=\"728\" height=\"249\"\nalt=\"transformer_texte\" /></p>\n<p>Le menu affich\u00e9 au clic-droit (ctrl + clic gauche pour les\nutilisateurs de Mac) propose deux options :</p>\n<ul>\n<li>\u00ab Initiales En Majuscules \u00bb (ou <strong>mode titre</strong>), qui\ncorrespond <a\nhref=\"http://www.syllabus.ca/traduction-etc/majuscules-dans-les-titres-anglais/\"\ntarget=\"_blank\">aux r\u00e8gles anglo-saxonnes de titrage</a> ;</li>\n<li>\u00ab Lettre capitale en d\u00e9but de phrase \u00bb (ou <strong>mode\nphrase</strong>), qui correspond <a\nhref=\"https://fr.wikipedia.org/wiki/Usage_des_majuscules_en_fran%C3%A7ais#Titres_d.E2.80.99.C5.93uvres_ou_de_p.C3.A9riodiques\"\ntarget=\"_blank\">aux r\u00e8gles francophones de titrage</a>. Notez que si des\nnoms propres figurent dans ce champ, Zotero n'en tiendra pas compte au\nmoment du reformatage, il faudra donc ajuster \u00e0 la main pour r\u00e9tablir\nles capitales.</li>\n</ul>\n<h4\nid=\"pourquoi-corriger-un-titre-format\u00e9-exclusivement-en-lettres-capitales\">Pourquoi\ncorriger un titre format\u00e9 exclusivement en lettres capitales ?</h4>\n<p>Rappelons que Zotero est une <strong>base de donn\u00e9es</strong>, et\nqu'\u00e0 ce titre elle n'a pas vocation \u00e0 traiter la <strong>mise en\nforme</strong>, mais \u00e0 stocker du <strong>contenu</strong>. Ce contenu\npourra ensuite \u00eatre mis en forme gr\u00e2ce aux styles bibliographiques CSL.\nDans cette perspective, afin que la mise en forme automatique param\u00e9tr\u00e9e\npar le style bibliographique soit la plus homog\u00e8ne et syst\u00e9matique, on a\ntout int\u00e9r\u00eat \u00e0 stocker aussi un contenu le plus homog\u00e8ne possible. Le\nrisque est sinon de cr\u00e9er des exceptions dont le style ne tiendra pas\ncompte, ce qui engendrera des anomalies qu'il faudra corriger \u00e0 la\nmain.</p>\n<p>L'option \u00ab\u00a0Transformer le texte\u00a0\u00bb permet ainsi non seulement de\ncorriger des erreurs manifestes de typographie (lorsque le champ a \u00e9t\u00e9\nimport\u00e9 tout en capitales par exemple), mais aussi d'uniformiser le\nformatage d'un champ commun \u00e0 tous les enregistrements, en l'occurrence\ntout champ de type \u00ab\u00a0Titre\u00a0\u00bb.</p>\n<p>Cette option permet aussi d'offrir une solution de compromis aux\nutilisateurs qui souhaitent apporter des retouches ponctuelles \u00e0\ncertains titres de leur biblioth\u00e8que, sans pour autant modifier le\nparam\u00e9trage du style CSL utilis\u00e9 (voir le <em>Bonus</em> ci-dessous).\nC'est une mani\u00e8re d'introduire un peu de mise en forme dans les\ninformations contenues dans la base.</p>\n<h4 id=\"quelle-option-choisir-en-d\u00e9finitive\">Quelle option choisir en\nd\u00e9finitive ?</h4>\n<p>Tout comme les consignes des \u00e9diteurs, les conventions typographiques\n(qui d\u00e9pendent en grande partie de diff\u00e9rentes cultures linguistiques)\nsont tr\u00e8s diverses. Pour cette raison, dans la plupart des cas, les\nstyles CSL ne s'occupent pas de mettre en forme la casse des titres, de\nfa\u00e7on \u00e0 laisser \u00e0 chacun la possibilit\u00e9 d'indiquer sa pr\u00e9f\u00e9rence au cas\npar cas lors de l'enregistrement de chacune des r\u00e9f\u00e9rences.</p>\n<p>Donc, \u00e0 moins que vous n'envisagiez de modifier ce fonctionnement\npour un des styles que vous utilisez (voir le <em>Bonus</em>\nci-dessous), la solution la plus simple consiste \u00e0 placer les capitales\ndu titre selon votre convenance. De cette mani\u00e8re, vous serez s\u00fbr de les\nvoir appara\u00eetre tels quels dans vos bibliographies. Concr\u00e8tement, en\nfran\u00e7ais, le <strong>mode phrase</strong> s'av\u00e9rera dans la quasi\ntotalit\u00e9 des cas le meilleur choix, \u00e9ventuellement corrig\u00e9 \u00e0 la main\npour les noms propres, et ponctuellement combin\u00e9 avec le <strong>mode\ntitre</strong> pour les r\u00e9f\u00e9rences anglophones.</p>\n<h2 id=\"bonus-param\u00e9trer-la-casse-du-titre-dans-un-style-csl\"><span\nid=\"bonus\"></span>Bonus : param\u00e9trer la casse du titre dans un style\nCSL</h2>\n<p>Il est aussi possible d'utiliser les styles CSL pour prendre en\ncharge la casse du titre. Nous abordons l\u00e0 un domaine, la modification\ndes styles CSL, qui peut \u00eatre \u00e9tranger \u00e0 certains d'entre vous et vous\nsembler, sinon \u00e9sot\u00e9rique, du moins trop informatique pour vous. Or il\nn'est nul besoin de comp\u00e9tences informatiques particuli\u00e8res pour\nmodifier et cr\u00e9er des styles CSL, mais d'un peu de temps et de patience\npour se familiariser avec le langage CSL, bas\u00e9 sur XML. Des ressources\nen ligne peuvent vous aider \u00e0 d\u00e9buter :</p>\n<ul>\n<li>Page \u00ab\u00a0<a\nhref=\"https://www.zotero.org/support/fr/dev/citation_styles/style_editing_step-by-step\">Modifier\nles styles CSL \u2013 Guide pas-\u00e0-pas</a>\u00a0\u00bb sur le site Zotero,</li>\n<li>Biblioguide \u00ab\u00a0<a\nhref=\"http://paris-sorbonne.libguides.com/zotero_styles\">Zotero++ :\ncr\u00e9er un style bibliographique personnalis\u00e9</a>\u00a0\u00bb par Fr\u00e9d\u00e9rique\nFlamerie.</li>\n</ul>\n<p>Si vous d\u00e9butez, utiliser l'\u00e9diteur de styles int\u00e9gr\u00e9 \u00e0 Zotero\nlimitera les mauvaises manipulations qui peuvent rendre un style\ninutilisable ou incoh\u00e9rent (balise mal ferm\u00e9e ou incompatibilit\u00e9\nd'instruction par exemple).</p>\n<p>Si vous choisissez d'assurer la gestion de la casse des titres gr\u00e2ce\nau param\u00e9trage de vos styles CSL, la r\u00e9ponse \u00e0 la question \"Quelle\noption choisir en d\u00e9finitive?\" change alors. Il convient dans ce cas de\n:</p>\n<ul>\n<li>stocker tous les titres en <strong>mode phrase</strong>,</li>\n<li>veiller \u00e0 ce que le champ \u00ab\u00a0Langue\u00a0\u00bb de chaque r\u00e9f\u00e9rence comporte\nbien le <strong>code de langue</strong> ad\u00e9quat.</li>\n</ul>\n<p>Rentrons dans le vif du sujet. Un param\u00e8tre du style bibliographique\nCSL, l'attribut <code>text-case</code> avec pour valeur\n<code>title</code>, permet d'appliquer le <strong>mode titre</strong>\nlors de la r\u00e9daction. Et il s'av\u00e8re bien plus simple de fonctionner dans\nce sens, <em>i. e.</em> stockage en <strong>mode phrase</strong> et\nr\u00e9daction en <strong>mode titre</strong> si n\u00e9cessaire, que dans\nl'autre. Dans l'autre sens vous perdrez en effet, lorsque vous r\u00e9digerez\nen <strong>mode phrase</strong>, les majuscules \u00e0 l'initiale des noms\npropres. L'attribut <code>text-case</code> valeur <code>sentence</code>\nremplacera en effet toutes les majuscules initiales par des minuscules,\ny compris celles des noms propres.</p>\n<p>Nous avons traduit ici approximativement les recommandations de la <a\nhref=\"http://docs.citationstyles.org/en/stable/specification.html#sentence-case-conversion\">sp\u00e9cification\nCSL\u00a0</a>:</p>\n<p><em>CSL processors don't recognize proper nouns. As a result, strings\nin sentence case can be accurately converted to title case, but not vice\nversa. For this reason, it is generally preferable to store strings such\nas titles in sentence case, and only use</em> <em>text-case</em> <em>if\na style desires another case.</em></p>\n<p>Soulignons que la conversion ne prend en compte que les cha\u00eenes de\ncaract\u00e8re en anglais et ignore les mots vides tels que \u00ab\u00a0and\u00a0\u00bb, \u00ab\u00a0the\u00a0\u00bb,\netc. Comment Zotero identifie-t-il les cha\u00eenes de caract\u00e8re comme en\nanglais et donc \u00e0 convertir\u00a0? Sont consid\u00e9r\u00e9s comme en anglais tous les\nmots d'une r\u00e9f\u00e9rence bibliographique\u00a0:</p>\n<ul>\n<li>lorsque le style CSL est configur\u00e9 sur un code de langue commen\u00e7ant\npar \u00ab\u00a0en\u00a0\u00bb et qu'aucune langue n'est sp\u00e9cifi\u00e9e pour le document (champ\n\u00ab\u00a0Langue\u00a0\u00bb de la notice Zotero), comme dans l'exemple 1 ci-dessous\n,</li>\n<li>et/ou lorsque la langue du document est l'anglais, <em>i.\u00a0 e.</em>\nle code de langue commence par \u00ab\u00a0en\u00a0\u00bb (champ \u00ab\u00a0Langue\u00a0\u00bb de la notice\nZotero), comme dans l'exemple 2 ci-dessous.</li>\n</ul>\n<table class=\"aligncenter\" style=\"width: 600px\" data-border=\"0\">\n<colgroup>\n<col style=\"width: 50%\" />\n<col style=\"width: 50%\" />\n</colgroup>\n<tbody>\n<tr class=\"odd\" style=\"height: 293.367px\">\n<td style=\"width: 310.5px; height: 293.367px\"><div id=\"attachment_1075\"\nclass=\"wp-caption aligncenter\" style=\"width: 310px\">\n<a href=\"http://zotero.hypotheses.org/files/2015/07/titre_cell.png\"\ntarget=\"_blank\" rel=\"attachment wp-att-1075\"><img\nsrc=\"http://zotero.hypotheses.org/files/2015/07/titre_cell-300x199.png\"\nclass=\"wp-image-1075 size-medium\"\naria-describedby=\"caption-attachment-1075\" decoding=\"async\"\nloading=\"lazy\"\nsrcset=\"https://zotero.hypotheses.org/files/2015/07/titre_cell-300x199.png 300w, https://zotero.hypotheses.org/files/2015/07/titre_cell-768x509.png 768w, https://zotero.hypotheses.org/files/2015/07/titre_cell-1024x679.png 1024w, https://zotero.hypotheses.org/files/2015/07/titre_cell.png 1461w\"\nsizes=\"(max-width: 300px) 100vw, 300px\" width=\"300\" height=\"199\"\nalt=\"titre_cell\" /></a>\n<p>Exemple 1 : style localis\u00e9 avec un code de langue en anglais,\nattribut text-case= \"title\", pas de code de langue dans la notice\nZotero</p>\n</div></td>\n<td style=\"width: 308.5px; height: 293.367px\"><div id=\"attachment_1077\"\nclass=\"wp-caption aligncenter\" style=\"width: 310px\">\n<a href=\"http://zotero.hypotheses.org/files/2015/07/titre_mla.png\"\nrel=\"attachment wp-att-1077\"><img\nsrc=\"http://zotero.hypotheses.org/files/2015/07/titre_mla-300x177.png\"\nclass=\"wp-image-1077 size-medium\"\naria-describedby=\"caption-attachment-1077\" decoding=\"async\"\nloading=\"lazy\"\nsrcset=\"https://zotero.hypotheses.org/files/2015/07/titre_mla-300x177.png 300w, https://zotero.hypotheses.org/files/2015/07/titre_mla-768x453.png 768w, https://zotero.hypotheses.org/files/2015/07/titre_mla-1024x605.png 1024w, https://zotero.hypotheses.org/files/2015/07/titre_mla.png 1626w\"\nsizes=\"(max-width: 300px) 100vw, 300px\" width=\"300\" height=\"177\"\nalt=\"exemple 2\" /></a>\n<p>Exemple 2 : style non localis\u00e9 avec un code de langue, attribut\ntext-case= \"title\", code de langue dans la notice Zotero</p>\n</div></td>\n</tr>\n</tbody>\n</table>\n\n<p>Ajoutons que l'attribut <code>text-case</code> n'a pas pour seules\nvaleurs possibles <code>title</code> et <code>sentence</code>. Il peut\n\u00e9galement \u00eatre qualifi\u00e9 par les valeurs suivantes.</p>\n<ul>\n<li><code>lowercase</code> : restitue le texte en lettres de\nbas-de-casse.</li>\n<li><code>uppercase</code> : restitue le texte en lettres\ncapitales.</li>\n<li><code>capitalize-first</code> : le premier caract\u00e8re du premier mot\nest restitu\u00e9 par une lettre capitale si le mot est en bas-de-casse ; les\nautres lettres capitales pr\u00e9sentes dans le titre sont conserv\u00e9es.\nL'attribut <code>text-case=\"sentence\"</code> supprime ces capitales pour\nne conserver que celle initiale.</li>\n<li><code>capitalize-all</code> : les initiales de tous les mots sont\nrestitu\u00e9es en lettres capitales, y compris celles des mots vides, \u00e0 la\ndiff\u00e9rence de l'attribut <code>text-case=\"title\"</code> qui ignore les\nmots vides.</li>\n</ul>\n<p>Mais la modification d'un style bibliographique est un autre sujet,\ndans lequel nous avons fait une br\u00e8ve incursion avec l'attribut\n<code>text-case</code>, et que nous aurons s\u00fbrement l'occasion d'\u00e9voquer\nprochainement. Quelles sont vos attentes en la mati\u00e8re\u00a0? Sur quels\npoints souhaitez-vous des \u00e9clairages ou des conseils\u00a0?</p>\n<p>\u00a0</p>","doi":"https://doi.org/10.59350/6cwc1-tyy80","guid":"http://zotero.hypotheses.org/?p=760","image":"https://zotero.hypotheses.org/files/2015/07/daniel_kulinski.jpg","language":"fr","license":"https://creativecommons.org/licenses/by/4.0/legalcode","published_at":1473206400,"rid":"jmxv7-w9e29","summary":"Auteur : Daniel Kulinski \u2013 CC-BY-NC-SA \u2013 Source : Flickr Lorsque vous enregistrez des documents dans Zotero, toutes les informations ne sont pas forc\u00e9ment bien format\u00e9es, et il est parfois n\u00e9cessaire de proc\u00e9der \u00e0 des corrections manuelles. Zotero permet d'effectuer tr\u00e8s facilement de petites retouches.","tags":["Styles Et CSL","Trucs Et Astuces"],"title":"Nettoyer les r\u00e9f\u00e9rences collect\u00e9es, quelques astuces","updated_at":1788321246,"url":"https://zotero.hypotheses.org/760","version":"v1"}},{"document":{"authors":[{"contributor_roles":[],"name":"Collectif"}],"blog":{"authors":null,"community_id":"310eb31b-74ce-47d8-9f4f-7ae4dae66b49","created":1708300800,"current_feed_url":null,"description":null,"doi":"https://doi.org/10.59350/zotero_fr","favicon":"https://rogue-scholar.org/api/communities/310eb31b-74ce-47d8-9f4f-7ae4dae66b49/logo","feed_format":"application/atom+xml","feed_url":"https://zotero.hypotheses.org/feed/atom/","filter":null,"generator":"WordPress","home_page_url":"https://zotero.hypotheses.org","issn":null,"language":"fra","license":"https://creativecommons.org/licenses/by/4.0/legalcode","prefix":"10.59350","relative_url":null,"secure":true,"slug":"zotero_fr","status":"active","subfield":"1710","title":"Le blog Zotero francophone","updated":1788191754,"use_api":true},"blog_name":"Le blog Zotero francophone","blog_slug":"zotero_fr","doi":"https://doi.org/10.59350/a27a2-9eb81","guid":"http://zotero.hypotheses.org/?p=1176","image":"https://zotero.hypotheses.org/files/2016/10/alexandra_guerson_by_nc_nd.jpg","language":"fr","license":"https://creativecommons.org/licenses/by/4.0/legalcode","published_at":1477094400,"rid":"b4jg7-w0f47","tags":["Actualit\u00e9s","Formation"],"title":"Atelier Zotero le 29/10 \u00e0 Paris","updated_at":1788321242,"url":"https://zotero.hypotheses.org/1176","version":"v1"}},{"document":{"authors":[{"contributor_roles":[],"name":"Collectif"}],"blog":{"authors":null,"community_id":"310eb31b-74ce-47d8-9f4f-7ae4dae66b49","created":1708300800,"current_feed_url":null,"description":null,"doi":"https://doi.org/10.59350/zotero_fr","favicon":"https://rogue-scholar.org/api/communities/310eb31b-74ce-47d8-9f4f-7ae4dae66b49/logo","feed_format":"application/atom+xml","feed_url":"https://zotero.hypotheses.org/feed/atom/","filter":null,"generator":"WordPress","home_page_url":"https://zotero.hypotheses.org","issn":null,"language":"fra","license":"https://creativecommons.org/licenses/by/4.0/legalcode","prefix":"10.59350","relative_url":null,"secure":true,"slug":"zotero_fr","status":"active","subfield":"1710","title":"Le blog Zotero francophone","updated":1788191754,"use_api":true},"blog_name":"Le blog Zotero francophone","blog_slug":"zotero_fr","content_html":"<hr />\n<p><em><em><strong>Mise \u00e0 jour du 2022-10-10</strong></em> :</em>\n<em>Six ans presque jour pour jour apr\u00e8s la publication de ce billet,\nnous fermons les commentaires. Ce billet indique en effet comment\ntrouver de l'aide :</em></p>\n<ul>\n<li><em><strong>dans la documentation officielle</strong>, nouvellement\ndisponible en fran\u00e7ais sur un site d\u00e9di\u00e9 (voir notamment la page <a\nhref=\"https://docs.zotero-fr.org/getting_help/\" target=\"_blank\"\nrel=\"noreferrer nofollow noopener\">Obtenir de l'aide</a>),</em></li>\n<li><em>en consultant ou en postant un message (m\u00eame en fran\u00e7ais) sur le\n<strong><a href=\"https://forums.zotero.org/\" target=\"_blank\"\nrel=\"noreferrer nofollow noopener\">forum Zotero</a></strong>,</em></li>\n<li><em>en faisant appel \u00e0 <strong>votre biblioth\u00e8que ou centre de\ndocumentation</strong>.</em></li>\n</ul>\n<p><em>Des lecteurs du billet, probablement arriv\u00e9s suite \u00e0 une\nrecherche d'aide sur un moteur de recherche, posant souvent des\nquestions pr\u00e9cises dans les commentaires, nous fermons ces derniers. Le\nforum Zotero, contrairement aux commentaires de ce blog, permet la\nconstruction d'une base commune de connaissances.</em></p>\n<p><em><strong>Mise \u00e0 jour du 2020-06-20</strong></em> : <em>la\ntraduction fran\u00e7aise de la page \"<a\nhref=\"https://www.zotero.org/support/fr/getting_help\" target=\"_blank\"\nrel=\"noopener noreferrer\">Obtenir de l'aide</a>\" de la documentation\nZotero a \u00e9t\u00e9 mise \u00e0 jour en mars 2020. Nous vous recommandons fortement\nd'en suivre les \u00e9tapes pour trouver une solution si vous avez une\nquestion.</em></p>\n<p><em><strong>Mise \u00e0 jour du 2018-09-26</strong> : nous vous\nrecommandons de lire \u00e0 la suite de ce billet la page\u00a0<a\nhref=\"https://www.zotero.org/support/fr/zotero_support\">Comment\nfonctionne le support Zotero</a></em></p>\n<hr />\n<div id=\"attachment_1211\" class=\"wp-caption aligncenter\"\nstyle=\"width: 650px\">\n<p><a\nhref=\"http://zotero.hypotheses.org/files/2016/11/dennis_skley_by_nd.jpg\"><img\nsrc=\"http://zotero.hypotheses.org/files/2016/11/dennis_skley_by_nd.jpg\"\nclass=\"size-full wp-image-1211\"\naria-describedby=\"caption-attachment-1211\" decoding=\"async\"\nloading=\"lazy\"\nsrcset=\"https://zotero.hypotheses.org/files/2016/11/dennis_skley_by_nd.jpg 640w, https://zotero.hypotheses.org/files/2016/11/dennis_skley_by_nd-300x169.jpg 300w\"\nsizes=\"(max-width: 640px) 100vw, 640px\" width=\"640\" height=\"360\"\nalt=\"Auteur : Dennis Skley - CC-BY-ND - Source : Flickr\" /></a></p>\n<p>Auteur : Dennis Skley \u2013 CC-BY-ND \u2013 Source : Flickr</p>\n</div>\n<p>Que l'on soit un utilisateur d\u00e9butant ou averti de Zotero, il nous\narrive tous \u00e0 un moment ou \u00e0 un autre de ne pas trouver de r\u00e9ponse \u00e0 une\nquestion li\u00e9e \u00e0 l'utilisation du logiciel. Nous vous proposons ici\nquelques pistes pour trouver l'aide la plus adapt\u00e9e.</p>\n<h3\nid=\"d\u00e9marche-n-1-consulter-la-documentation-officielle-de-zotero\">D\u00e9marche\nn\u00b0 1\u00a0: consulter la documentation officielle de Zotero</h3>\n<p>Le site officiel Zotero propose une abondante documentation qui\ndevrait r\u00e9pondre \u00e0 la plupart de vos questions si vous d\u00e9butez. La\nmajeure partie de la documentation est <strong>disponible <a\nhref=\"https://www.zotero.org/support/fr/start\">en fran\u00e7ais</a></strong>.\nEt il y a fort \u00e0 parier que m\u00eame si vous \u00eates un utilisateur averti vous\nne connaissez pas tous les trucs et astuces d\u00e9taill\u00e9s sur la page \"<a\nhref=\"https://www.zotero.org/support/tips_and_tricks\">Tips and\ntricks</a>\".</p>\n<p>Dans le menu de Zotero, cliquer sur <em>Assistance et\ndocumentation</em> vous am\u00e8ne sur la page d'accueil de cette\ndocumentation.</p>\n<div id=\"attachment_1198\" class=\"wp-caption aligncenter\"\nstyle=\"width: 254px\">\n<p><a\nhref=\"http://zotero.hypotheses.org/files/2016/11/Zotero_AssistanceetDocumentation.jpg\"><img\nsrc=\"http://zotero.hypotheses.org/files/2016/11/Zotero_AssistanceetDocumentation.jpg\"\nclass=\"wp-image-1198 size-full\"\naria-describedby=\"caption-attachment-1198\" decoding=\"async\"\nloading=\"lazy\"\nsrcset=\"https://zotero.hypotheses.org/files/2016/11/Zotero_AssistanceetDocumentation.jpg 244w, https://zotero.hypotheses.org/files/2016/11/Zotero_AssistanceetDocumentation-233x300.jpg 233w\"\nsizes=\"(max-width: 244px) 100vw, 244px\" width=\"244\" height=\"314\"\nalt=\"Passer par le menu de Zotero renvoie sur zotero.org/support\" /></a></p>\n<p>Passer par le menu de Zotero renvoie sur zotero.org/support</p>\n</div>\n<h3 id=\"d\u00e9marche-n-2-consulter-le-forum-zotero\">D\u00e9marche n\u00b0 2\u00a0:\nconsulter le forum Zotero</h3>\n<p>Il est rare que l'on soit le premier \u00e0 \u00eatre confront\u00e9 \u00e0 la difficult\u00e9\nqui nous bloque ou \u00e0 l'interrogation qui nous est venue, qu'il s'agisse\nd'un param\u00e9trage pour l'enregistrement des PDF (comment enregistrer\ntoujours les PDF haute r\u00e9solution sur la plateforme de l'ACS\u00a0?) ou d'un\nstyle bibliographique (comment mentionner le titre d'un num\u00e9ro sp\u00e9cial\ndans la r\u00e9f\u00e9rence d'un article\u00a0?). Le <a\nhref=\"https://forums.zotero.org/\">forum Zotero</a> permet de r\u00e9unir\nl'ensemble des discussions des utilisateurs, de retrouver les questions\npos\u00e9es et les r\u00e9ponses qu'ont pu sugg\u00e9rer les utilisateurs et\nd\u00e9veloppeurs de Zotero. Si vous ne trouvez pas de fil de discussion pour\nle sujet qui vous occupe, cr\u00e9ez-en un\u00a0: cela permet d'alimenter la base\nde connaissance qu'est le forum, de partager votre question et de lui\nvoir peut-\u00eatre apporter une r\u00e9ponse. Si la majorit\u00e9 des discussions sont\nen anglais, n'h\u00e9sitez pas toutefois \u00e0 cr\u00e9er un fil en fran\u00e7ais\u00a0:\ncertains animateurs du forum comme <a\nhref=\"https://forums.zotero.org/profile/2433/adamsmith\">adamsmith</a>\ncomprennent le fran\u00e7ais, et des contributeurs francophones pourront\n\u00e9galement vous r\u00e9pondre.</p>\n<p>Enfin, bien souvent, si des bugs vous semblent appara\u00eetre suite \u00e0 une\nmise \u00e0 jour de votre syst\u00e8me ou de Zotero, vous n'\u00eates sans doute pas\nseul : ce \"sujet chaud\" est rapidement mis en exergue par les\nadministrateurs du forum.<br />\nC'est aussi l'occasion de suivre les d\u00e9bats autour du d\u00e9veloppement de\nZotero.</p>\n<div id=\"attachment_1199\" class=\"wp-caption aligncenter\"\nstyle=\"width: 516px\">\n<p><a\nhref=\"http://zotero.hypotheses.org/files/2016/11/Zotero_forum-annoncements.png\"><img\nsrc=\"http://zotero.hypotheses.org/files/2016/11/Zotero_forum-annoncements.png\"\nclass=\"wp-image-1199 size-full\"\naria-describedby=\"caption-attachment-1199\" decoding=\"async\"\nloading=\"lazy\"\nsrcset=\"https://zotero.hypotheses.org/files/2016/11/Zotero_forum-annoncements.png 506w, https://zotero.hypotheses.org/files/2016/11/Zotero_forum-annoncements-300x144.png 300w\"\nsizes=\"(max-width: 506px) 100vw, 506px\" width=\"506\" height=\"243\"\nalt=\"zotero_forum-annoncements\" /></a></p>\n<p>Les administrateurs du forum mettent en avant les sujets chauds, les\nbugs, tr\u00e8s discut\u00e9s</p>\n</div>\n<p>Les utilisateurs de lecteurs de <a\nhref=\"https://fr.wikipedia.org/wiki/RSS\">flux rss</a> pourront s'abonner\nau <a href=\"http://forums.zotero.org/comments/feed.rss\">flux des\nderniers commentaires</a> afin de suivre d'un seul coup d'\u0153il les\nderni\u00e8res discussions.</p>\n<h3 id=\"d\u00e9marche-n-3-rencontrer-quelquun\">D\u00e9marche n\u00b0 3\u00a0: rencontrer\nquelqu'un</h3>\n<p>Les forums et la documentation peuvent apporter des r\u00e9ponses, mais\ndans certains cas on pr\u00e9f\u00e8re \u00e9changer de vive voix avec des utilisateurs\navertis, et pouvoir obtenir des conseils et une aide personnalis\u00e9s. Si\nvous \u00eates rattach\u00e9 \u00e0 une universit\u00e9, une \u00e9cole ou un organisme de\nrecherche, contactez votre biblioth\u00e8que ou votre centre de\ndocumentation, vous trouverez s\u00fbrement un coll\u00e8gue pour vous orienter et\nvous renseigner. Certaines biblioth\u00e8ques universitaires proposent aussi,\nen plus des traditionnelles formations, des services d'aide \u00e0 Zotero (<a\nhref=\"http://library.epfl.ch/doctor-zotero\">Docteur Zotero</a> \u00e0 l'EPFL,\n<a href=\"https://bu.univ-lorraine.fr/formations/sos-zotero-0\">SOS\nZotero</a> \u00e0 Nancy). Des biblioth\u00e9caires d'autre type de biblioth\u00e8que\n(biblioth\u00e8ques municipales par exemple) peuvent peut-\u00eatre aussi vous\naider\u00a0: n'h\u00e9sitez pas \u00e0 les solliciter.</p>\n<p>Il peut \u00eatre utile \u00e9galement de consulter r\u00e9guli\u00e8rement l'offre du\nr\u00e9seau des Urfist (Unit\u00e9 r\u00e9gionale de formation \u00e0 l'information\nscientifique et technique) qui proposent r\u00e9guli\u00e8rement des <a\nhref=\"https://sygefor.reseau-urfist.fr/#!/training\">formations</a>\nZotero \u00e0 destination des publics acad\u00e9miques.</p>\n<p>En bref la communaut\u00e9 Zotero, en ligne sur le forum, en r\u00e9alit\u00e9 dans\nvos biblioth\u00e8ques notamment, est l\u00e0 pour vous aider\u00a0!</p>","doi":"https://doi.org/10.59350/fw4bt-6j813","guid":"http://zotero.hypotheses.org/?p=1192","image":"https://zotero.hypotheses.org/files/2016/11/dennis_skley_by_nd.jpg","language":"fr","license":"https://creativecommons.org/licenses/by/4.0/legalcode","published_at":1479859200,"rid":"bq0m6-v8k30","summary":"<em> <em> <strong> Mise \u00e0 jour du 2022-10-10 </strong> </em> : </em> <em> Six ans presque jour pour jour apr\u00e8s la publication de ce billet, nous fermons les commentaires. </em>","tags":["Actualit\u00e9s","Trucs Et Astuces"],"title":"Besoin d'aide ?","updated_at":1788321241,"url":"https://zotero.hypotheses.org/1192","version":"v1"}},{"document":{"authors":[{"contributor_roles":[],"family":"Flamerie","given":"Fr\u00e9d\u00e9rique"}],"blog":{"authors":null,"community_id":"310eb31b-74ce-47d8-9f4f-7ae4dae66b49","created":1708300800,"current_feed_url":null,"description":null,"doi":"https://doi.org/10.59350/zotero_fr","favicon":"https://rogue-scholar.org/api/communities/310eb31b-74ce-47d8-9f4f-7ae4dae66b49/logo","feed_format":"application/atom+xml","feed_url":"https://zotero.hypotheses.org/feed/atom/","filter":null,"generator":"WordPress","home_page_url":"https://zotero.hypotheses.org","issn":null,"language":"fra","license":"https://creativecommons.org/licenses/by/4.0/legalcode","prefix":"10.59350","relative_url":null,"secure":true,"slug":"zotero_fr","status":"active","subfield":"1710","title":"Le blog Zotero francophone","updated":1788191754,"use_api":true},"blog_name":"Le blog Zotero francophone","blog_slug":"zotero_fr","content_html":"<div id=\"attachment_1238\" class=\"wp-caption aligncenter\"\nstyle=\"width: 410px\">\n<p><a\nhref=\"http://zotero.hypotheses.org/files/2017/02/leo_reynolds5.jpg\"><img\nsrc=\"http://zotero.hypotheses.org/files/2017/02/leo_reynolds5-300x300.jpg\"\nclass=\"wp-image-1238\" aria-describedby=\"caption-attachment-1238\"\ndecoding=\"async\" loading=\"lazy\"\nsrcset=\"https://zotero.hypotheses.org/files/2017/02/leo_reynolds5-300x300.jpg 300w, https://zotero.hypotheses.org/files/2017/02/leo_reynolds5-150x150.jpg 150w, https://zotero.hypotheses.org/files/2017/02/leo_reynolds5-768x768.jpg 768w, https://zotero.hypotheses.org/files/2017/02/leo_reynolds5-160x160.jpg 160w, https://zotero.hypotheses.org/files/2017/02/leo_reynolds5-320x320.jpg 320w, https://zotero.hypotheses.org/files/2017/02/leo_reynolds5.jpg 1024w\"\nsizes=\"(max-width: 400px) 100vw, 400px\" width=\"400\" height=\"400\"\nalt=\"image_5\" /></a></p>\n<p>Auteur : Leo Reynolds \u2013 CC-BY-SA \u2013 Source : Flickr</p>\n</div>\n<p>Il est grand temps d'\u00e9voquer la nouvelle version de Zotero,\n<strong>la version 5</strong>, dont certains d'entre vous ont s\u00fbrement\n<a\nhref=\"https://forums.zotero.org/discussion/comment/267549/#Comment_267549\">install\u00e9</a>\net test\u00e9 la version <em>beta</em>. L'une des principales nouveaut\u00e9s de\ncette mise \u00e0 jour majeure est de rendre obsol\u00e8te la cat\u00e9gorie\n\"Standalone\" de nos billets : Zotero sera d\u00e9sormais une\n<strong>application distincte</strong>, quel que soit le navigateur\nutilis\u00e9. Sans rentrer dans les d\u00e9tails techniques, mentionnons que ce\nchangement est rendu n\u00e9cessaire par l'\u00e9volution de Firefox, qui ne\nd\u00e9veloppe plus les \u00e9l\u00e9ments sur lesquels reposaient Zotero-Firefox. La\nversion 6, d\u00e9j\u00e0 en pr\u00e9paration, apportera encore plus de changements de\nce point de vue.</p>\n<p>Restons-en \u00e0 la version 5 pour le moment. La page de <a\nhref=\"https://www.zotero.org/support/5.0_changelog\" target=\"_blank\"\nrel=\"noopener\">changelog</a> pr\u00e9sente en d\u00e9tails l'ensemble des\nmodifications apport\u00e9es par Zotero 5. Nous avons choisi pour notre part\nde vous pr\u00e9senter six nouvelles fonctionnalit\u00e9s, par ordre subjectif\nd'int\u00e9r\u00eat d\u00e9croissant :</p>\n<ul>\n<li>une nouvelle architecture pour la <a\nhref=\"#synchro\">synchronisation</a>,</li>\n<li>la gestion de flux <a href=\"#rss\">RSS</a>,</li>\n<li>quelques modifications moins visibles mais affectant l'utilisation\n<a href=\"#modifs_quotidien\">quotidienne</a> de Zotero,</li>\n<li>la biblioth\u00e8que <a href=\"#mes_pubs\"><em>Mes\npublications</em></a>,</li>\n<li>l'am\u00e9lioration de l'<a href=\"#ed_notes\">\u00e9diteur de notes</a>,</li>\n<li>et <em>last but not least</em>, nous \u00e9voquerons la compatibilit\u00e9\navec quelques-uns de nos <a href=\"#modules_comp\">modules\ncompl\u00e9mentaires</a> pr\u00e9f\u00e9r\u00e9s.</li>\n</ul>\n<h3 id=\"nouvelle-architecture-pour-la-synchronisation\"><span\nid=\"synchro\"></span>Nouvelle architecture pour la synchronisation</h3>\n<div id=\"attachment_1246\" class=\"wp-caption aligncenter\"\nstyle=\"width: 310px\">\n<p><a\nhref=\"http://zotero.hypotheses.org/files/2017/02/5454608555_dc0de1c50e.jpg\"><img\nsrc=\"http://zotero.hypotheses.org/files/2017/02/5454608555_dc0de1c50e-300x300.jpg\"\nclass=\"size-medium wp-image-1246\"\naria-describedby=\"caption-attachment-1246\" decoding=\"async\"\nloading=\"lazy\"\nsrcset=\"https://zotero.hypotheses.org/files/2017/02/5454608555_dc0de1c50e-300x300.jpg 300w, https://zotero.hypotheses.org/files/2017/02/5454608555_dc0de1c50e-150x150.jpg 150w, https://zotero.hypotheses.org/files/2017/02/5454608555_dc0de1c50e-160x160.jpg 160w, https://zotero.hypotheses.org/files/2017/02/5454608555_dc0de1c50e-320x320.jpg 320w, https://zotero.hypotheses.org/files/2017/02/5454608555_dc0de1c50e.jpg 500w\"\nsizes=\"(max-width: 300px) 100vw, 300px\" width=\"300\"\nheight=\"300\" /></a></p>\n<p>Auteur : Alyson Hurt \u2013 CC BY-NC \u2013 Source : Flickr</p>\n</div>\n<p>L'un des principaux apports de cette nouvelle version est\nincontestablement la nouvelle architecture de synchronisation.</p>\n<p>La synchronisation <strong>s\u00e9lective</strong> permet ainsi non\nseulement de <strong>choisir les biblioth\u00e8ques \u00e0 synchroniser</strong>\n(biblioth\u00e8ques\u00a0 personnelle et de groupe, nouvelle biblioth\u00e8que <em>Mes\npublications</em>), mais \u00e9galement de lancer la synchronisation d'une\nbiblioth\u00e8que \u00e0 la demande, depuis un menu contextuel.</p>\n<p>Moins visibles mais non moins fondamentaux au quotidien, citons aussi\n:</p>\n<ul>\n<li>l'<strong>ind\u00e9pendance</strong> des synchronisations : les conflits\nou blocages li\u00e9s \u00e0 une biblioth\u00e8que n'emp\u00eachent plus la synchronisation\ndes autres,</li>\n<li>le caract\u00e8re <strong>incr\u00e9mental</strong> de la synchronisation, qui\noptimise la gestion des grandes biblioth\u00e8ques,</li>\n<li>l'am\u00e9lioration de la gestion des <strong>conflits</strong> de\nsynchronisation,</li>\n<li>le d<span lang=\"fr\">\u00e9clenchement imm\u00e9diat de la synchronisation si\ndes modifications ont \u00e9t\u00e9 apport\u00e9es depuis l'une des instances\nsynchronis\u00e9es.</span></li>\n</ul>\n<p>Notons enfin une meilleure ergonomie pour configurer la\nsynchronisation, et la possibilit\u00e9 de <strong>dissocier</strong> d'un\nclic le compte associ\u00e9 \u00e0 une biblioth\u00e8que locale.</p>\n<h3 id=\"gestion-de-flux-rss\"><span id=\"rss\"></span>Gestion de flux\nRSS</h3>\n<p>Nouveaut\u00e9 beaucoup plus visible, Zotero 5 int\u00e8gre d\u00e9sormais un\nagr\u00e9gateur de flux <a href=\"https://fr.wikipedia.org/wiki/RSS\">RSS</a>\net Atom. L'int\u00e9gration de ce puissant outil de veille permet de limiter\nla dispersion des diff\u00e9rentes \u00e9tapes de la biblio entre plusieurs\napplications ou services, et de fluidifier l'ajout des nouveaux\ndocuments rep\u00e9r\u00e9s par le biais d'une veille RSS. D'un clic les nouvelles\nentr\u00e9es sont en effet transf\u00e9r\u00e9es de la biblioth\u00e8que des flux aux\nbiblioth\u00e8ques de documents, sous la forme de documents complets avec les\nfichiers associ\u00e9s (si applicable).</p>\n<p>Le menu <em>Options</em> (qui remplace d\u00e9sormais la roue dent\u00e9e pour\nacc\u00e9der aux <em>Pr\u00e9f\u00e9rences</em>) permet de configurer :</p>\n<ul>\n<li>le sens du <strong>classement chronologique</strong> des\nentr\u00e9es,</li>\n<li>la fr\u00e9quence de <strong>mise \u00e0 jour</strong> des flux,</li>\n<li>le <strong>d\u00e9lai de suppression</strong> des entr\u00e9es lues,</li>\n<li>le d\u00e9lai de suppression des entr\u00e9es non lues.</li>\n</ul>\n<p>On peut \u00e9galement, flux par flux :</p>\n<ul>\n<li>d\u00e9finir la fr\u00e9quence de mise \u00e0 jour,</li>\n<li>param\u00e9trer le d\u00e9lai de suppression des entr\u00e9es lues et non\nlues,</li>\n<li><strong>actualiser</strong> le flux,</li>\n<li>le marquer comme lu.</li>\n</ul>\n<h3\nid=\"quelques-modifications-moins-visibles-mais-affectant-lutilisation-quotidienne-de-zotero\"><span\nid=\"modifs_quotidien\"></span>Quelques modifications moins visibles mais\naffectant l'utilisation quotidienne de Zotero</h3>\n<div id=\"attachment_1257\" class=\"wp-caption aligncenter\"\nstyle=\"width: 310px\">\n<p><a\nhref=\"http://zotero.hypotheses.org/files/2017/02/dominik_dome_by_nc_sa.jpg\"><img\nsrc=\"http://zotero.hypotheses.org/files/2017/02/dominik_dome_by_nc_sa-300x123.jpg\"\nclass=\"size-medium wp-image-1257\"\naria-describedby=\"caption-attachment-1257\" decoding=\"async\"\nloading=\"lazy\"\nsrcset=\"https://zotero.hypotheses.org/files/2017/02/dominik_dome_by_nc_sa-300x123.jpg 300w, https://zotero.hypotheses.org/files/2017/02/dominik_dome_by_nc_sa-768x314.jpg 768w, https://zotero.hypotheses.org/files/2017/02/dominik_dome_by_nc_sa.jpg 1024w\"\nsizes=\"(max-width: 300px) 100vw, 300px\" width=\"300\"\nheight=\"123\" /></a></p>\n<p>Auteur : Dominik Dome \u2013 CC BY-NC-SA \u2013 Source : Flickr</p>\n</div>\n<h4 id=\"gestion-des-styles\">Gestion des styles</h4>\n<p>Deux nouveaut\u00e9s facilitent la gestion des styles :\nl'<strong>installation directe</strong> des styles bibliographiques et\nla pr\u00e9sence de nouveaux <strong>liens vers le gestionnaire de\nstyles</strong>. Les styles s'installent en effet directement depuis <a\nhref=\"https://www.zotero.org/styles\">l'entrep\u00f4t des styles Zotero</a> en\nun clic, sans qu'il soit n\u00e9cessaire de sortir de Zotero. Le gestionnaire\nde style devient pour sa part accessible depuis les fen\u00eatres <em>Cr\u00e9er\nune bibliographie</em> de la biblioth\u00e8que, et <em>Pr\u00e9f\u00e9rences du\ndocument</em> de l'extension de traitement de texte.</p>\n<h4 id=\"am\u00e9liorations-de-la-recherche-avanc\u00e9e\">Am\u00e9liorations de la\nrecherche avanc\u00e9e</h4>\n<p>Comme nous l'avons d\u00e9taill\u00e9 dans un <a\nhref=\"http://zotero.hypotheses.org/756\" target=\"_blank\"\nrel=\"noopener\">pr\u00e9c\u00e9dent billet</a>, les recherches sauvegard\u00e9es\nconstituent un puissant mode d'organisation de la biblioth\u00e8que. Quelques\nam\u00e9liorations viennent optimiser cet outil :</p>\n<ul>\n<li>les menus d\u00e9roulants sont plus compacts et ergonomiques,</li>\n<li>les recherches sauvegard\u00e9es sont des crit\u00e8res de recherche et\napparaissent ainsi dans le crit\u00e8re <em>Collection (de Zotero),</em></li>\n<li>la recherche peut \u00eatre lanc\u00e9e dans les flux.</li>\n</ul>\n<h4\nid=\"nouvelle-localisation-par-d\u00e9faut-du-r\u00e9pertoire-de-donn\u00e9es\">Nouvelle\nlocalisation par d\u00e9faut du r\u00e9pertoire de donn\u00e9es</h4>\n<p>Voici \u00e0 nouveau une modification invisible, mais d'un impact notable,\nnotamment pour la configuration de la sauvegarde de vos donn\u00e9es Zotero.\nAvec Zotero 5, si les fichiers sont toujours enregistr\u00e9s dans un\nr\u00e9pertoire <em>Zotero</em>, ce dernier est remont\u00e9 \u00e0 la racine du\nr\u00e9pertoire de l'utilisateur. Sur Mac et Linux, un r\u00e9pertoire de donn\u00e9es\n\u00e0 l'emplacement par d\u00e9faut pr\u00e9c\u00e9dent sera automatiquement d\u00e9plac\u00e9 au\nnouvel emplacement. Les utilisateurs de Windows pourront effectuer cette\nmodification depuis le menu <em>Pr\u00e9f\u00e9rences</em> &gt; <em>Avanc\u00e9es</em>\n&gt; <em>Fichiers et dossiers</em>.</p>\n<p>Cette nouvelle configuration pourra r\u00e9soudre les anomalies\nd'enregistrement des fichiers PDF joints annot\u00e9s dans une visionneuses\nexternes, <a\nhref=\"https://forums.zotero.org/discussion/61014/macos-sierra-papers-protected\">signal\u00e9es\npar certains utilisateurs</a>.</p>\n<h3 id=\"biblioth\u00e8que-mes-publications\">Biblioth\u00e8que <em>Mes\npublications</em></h3>\n<div id=\"attachment_1259\" class=\"wp-caption aligncenter\"\nstyle=\"width: 310px\">\n<p><a\nhref=\"http://zotero.hypotheses.org/files/2017/02/Dennis_Skley_BY-ND.jpg\"><img\nsrc=\"http://zotero.hypotheses.org/files/2017/02/Dennis_Skley_BY-ND-300x169.jpg\"\nclass=\"wp-image-1259 size-medium\"\naria-describedby=\"caption-attachment-1259\" decoding=\"async\"\nloading=\"lazy\"\nsrcset=\"https://zotero.hypotheses.org/files/2017/02/Dennis_Skley_BY-ND-300x169.jpg 300w, https://zotero.hypotheses.org/files/2017/02/Dennis_Skley_BY-ND-768x432.jpg 768w, https://zotero.hypotheses.org/files/2017/02/Dennis_Skley_BY-ND-1024x577.jpg 1024w, https://zotero.hypotheses.org/files/2017/02/Dennis_Skley_BY-ND.jpg 2048w\"\nsizes=\"(max-width: 300px) 100vw, 300px\" width=\"300\"\nheight=\"169\" /></a></p>\n<p>Auteur : Dennis Skley \u2013 CC BY-ND \u2013 Source : Flickr</p>\n</div>\n<p>A l'instar de Mendeley ou de services tels que les r\u00e9seaux sociaux\nacad\u00e9miques Academia.edu ou ResearchGate, Zotero 5 propose une\nfonctionnalit\u00e9 de <strong>profil</strong> associant <strong>page\nweb</strong> et <strong>publications en texte int\u00e9gral</strong>, gr\u00e2ce \u00e0\nla biblioth\u00e8que <em>Mes publications</em>.</p>\n<p>On peut ainsi facilement non seulement associer \u00e0 sa page de profil\nZotero une <a href=\"https://www.zotero.org/libora\">liste de\npublications</a>, mais surtout <strong>publier les fichiers de texte\nint\u00e9gral</strong>. Il est d\u00e9j\u00e0 possible actuellement de partager des\nfichiers par le biais d'une biblioth\u00e8que de groupe, en d\u00e9finissant un\np\u00e9rim\u00e8tre de lecteurs plus ou moins large (administrateurs du groupe,\nmembres du groupe ou tout internaute). La nouveaut\u00e9 r\u00e9side donc\nprincipalement dans la fonction de publication : Zotero 5 permet de\npublier les fichiers sous une <strong>licence</strong> d\u00e9termin\u00e9e. Le\ndouble objectif est d'autoriser le partage public de fichiers, et\nd'envisager l'int\u00e9gration avec d'autres services telles que les\n<strong>archives institutionnelles</strong>. Si l'interop\u00e9rabilit\u00e9 avec\n<a href=\"https://orcid.org/\">ORCID</a> est \u00e0 l'\u00e9tude (voir <a\nhref=\"https://forums.zotero.org/discussion/57892/vote-for-import-publication-from-zotero-to-orcid\">cette\ndiscussion</a> sur le forum), elle n'est pas encore r\u00e9alis\u00e9e. Souhaitons\nqu'elle puisse l'\u00eatre prochainement dans les deux sens , <em>i. e.</em>\nalimentation du profil ORCID \u00e0 partir de Zotero, et mise \u00e0 jour\nautomatique de <em>Mes publications</em> par ORCID pour les futures\npublications.</p>\n<p>Un petit regret concernant <em>Mes publications</em> : les options de\npersonnalisation demeurent limit\u00e9es et il n'est ainsi pas possible de\nparam\u00e9trer l'ordre d'affichage des types de document. Un biologiste, par\nexemple, pourrait pr\u00e9f\u00e9rer afficher ses articles avant ses livres.</p>\n<h3 id=\"am\u00e9lioration-de-l\u00e9diteur-de-notes\"><span\nid=\"ed_notes\"></span>Am\u00e9lioration de l'\u00e9diteur de notes</h3>\n<p>L'\u00e9diteur de notes profite \u00e9galement de la version 5 et voit ses\npotentialit\u00e9s augment\u00e9es, avec notamment :</p>\n<ul>\n<li>la mise \u00e0 niveau vers <a href=\"https://www.tinymce.com/\">TinyMCE\n4</a> (4.5.1)</li>\n<li>le <strong>rechercher/remplacer</strong> dans les notes,</li>\n<li>la cr\u00e9ation automatique de <strong>liens hypertexte</strong> lors de\nla saisie d'URL (<em>autolinking URL</em>),</li>\n<li>la d\u00e9sactivation des copier ou d\u00e9placer d'<strong>images</strong>,\nafin d'\u00e9viter les erreurs de synchronisation (les images embarqu\u00e9es\npourraient \u00eatre prises en charge \u00e0 l'avenir),</li>\n<li>la prise en charge des param\u00e8tres r\u00e9gionaux autres que ceux de\nl'anglais,</li>\n<li>un nouveau style pour les <strong>citations entre\nguillemets</strong>.</li>\n</ul>\n<h3 id=\"compatibilit\u00e9-des-modules-compl\u00e9mentaires\"><span\nid=\"modules_comp\"></span>Compatibilit\u00e9 des modules compl\u00e9mentaires</h3>\n<div id=\"attachment_1247\" class=\"wp-caption aligncenter\"\nstyle=\"width: 310px\">\n<p><a\nhref=\"http://zotero.hypotheses.org/files/2017/02/andrew_malone_by.jpg\"><img\nsrc=\"http://zotero.hypotheses.org/files/2017/02/andrew_malone_by-300x200.jpg\"\nclass=\"size-medium wp-image-1247\"\naria-describedby=\"caption-attachment-1247\" decoding=\"async\"\nloading=\"lazy\"\nsrcset=\"https://zotero.hypotheses.org/files/2017/02/andrew_malone_by-300x200.jpg 300w, https://zotero.hypotheses.org/files/2017/02/andrew_malone_by.jpg 640w\"\nsizes=\"(max-width: 300px) 100vw, 300px\" width=\"300\"\nheight=\"200\" /></a></p>\n<p>Auteur : Andrew Malone \u2013 CC BY \u2013 Source : Flickr</p>\n</div>\n<p>Certains modules apportent des fonctionnalit\u00e9s compl\u00e9mentaires mais\nindispensables pour certains utilisateurs. Qu'en est-il de la\ncompatibilit\u00e9 des plus essentiels d'entre eux, \u00e0 nouveau selon\nnotre\u00a0int\u00e9r\u00eat fort subjectif ?</p>\n<ul>\n<li>Extensions de traitement texte Word et LibreOffice : des versions\ncompatibles avec Zotero 5 son install\u00e9es \u00e0 l'installation de Zotero,\nainsi qu'il en allait aevc Zotero Standalone.</li>\n<li><a href=\"http://zotfile.com/\">ZotFile</a> : une version 5 beta est\ndisponible (voir <a\nhref=\"https://forums.zotero.org/discussion/62594/zotfile-5-0-beta-for-zotero-5\">cette\ndiscussion</a> sur le forum), et nous devrions prochainement consacrer\nun billet \u00e0 ce module.</li>\n<li><a href=\"https://github.com/willsALMANJ/Zutilo\">Zutilo</a> : la\ncompatibilit\u00e9 est \u00e9galement assur\u00e9e.</li>\n<li><a href=\"https://github.com/retorquere/zotero-better-bibtex/\">Better\nBib(La)Tex</a> : <del>nous devrions \u00e9galement revenir dans un prochain\nbillet sur ce module essentiel pour les utilisateurs de LaTeX, sa\ncompatiblit\u00e9 avec Zotero 5 n'est malheureusement pas acquise, et l'on\npeut pencher entre l'<a\nhref=\"https://twitter.com/adam42smith/status/826165824440369153\">optimisme</a>\net le <a\nhref=\"https://github.com/retorquere/zotero-better-bibtex/issues/555\">pessimisme</a>\n\u00e0 ce sujet (merci \u00e0 <a href=\"https://twitter.com/grolimur\">@grolimur</a>\npour la version optimiste!)</del></li>\n</ul>\n<p><strong>Mise \u00e0 jour 2018-01-15</strong> : Il fallait pencher pour\nl'optimisme! <a\nhref=\"https://github.com/retorquere/zotero-better-bibtex/\">Better\nBib(La)Tex\u00a0</a>est enti\u00e8rement compatible avec Zotero 5.</p>\n<p>Avez-vous test\u00e9 Zotero 5 ? Quelle nouvelle fonctionnalit\u00e9\nattendez-vous avec le plus d'impatience ?</p>","doi":"https://doi.org/10.59350/ggxvj-kpz45","guid":"http://zotero.hypotheses.org/?p=1224","image":"https://zotero.hypotheses.org/files/2017/02/leo_reynolds5.jpg","language":"fr","license":"https://creativecommons.org/licenses/by/4.0/legalcode","published_at":1488153600,"rid":"45940-gzc30","summary":"Auteur : Leo Reynolds \u2013 CC-BY-SA \u2013 Source : Flickr Il est grand temps d'\u00e9voquer la nouvelle version de Zotero, <strong> la version 5 </strong> , dont certains d'entre vous ont s\u00fbrement install\u00e9 et test\u00e9 la version <em> beta </em> . L'une des principales nouveaut\u00e9s de cette mise \u00e0 jour majeure est de rendre obsol\u00e8te la cat\u00e9gorie \"Standalone\" de nos billets : Zotero sera d\u00e9sormais une <strong> application distincte </strong> , quel que soit le navigateur","tags":["Actualit\u00e9s","Plug-ins Et Apps"],"title":"Un avant-go\u00fbt de Zotero version 5","updated_at":1788321238,"url":"https://zotero.hypotheses.org/1224","version":"v1"}},{"document":{"authors":[{"contributor_roles":[],"family":"Flamerie","given":"Fr\u00e9d\u00e9rique"}],"blog":{"authors":null,"community_id":"310eb31b-74ce-47d8-9f4f-7ae4dae66b49","created":1708300800,"current_feed_url":null,"description":null,"doi":"https://doi.org/10.59350/zotero_fr","favicon":"https://rogue-scholar.org/api/communities/310eb31b-74ce-47d8-9f4f-7ae4dae66b49/logo","feed_format":"application/atom+xml","feed_url":"https://zotero.hypotheses.org/feed/atom/","filter":null,"generator":"WordPress","home_page_url":"https://zotero.hypotheses.org","issn":null,"language":"fra","license":"https://creativecommons.org/licenses/by/4.0/legalcode","prefix":"10.59350","relative_url":null,"secure":true,"slug":"zotero_fr","status":"active","subfield":"1710","title":"Le blog Zotero francophone","updated":1788191754,"use_api":true},"blog_name":"Le blog Zotero francophone","blog_slug":"zotero_fr","content_html":"<div id=\"attachment_1279\" class=\"wp-caption aligncenter\"\nstyle=\"width: 610px\">\n<p><a\nhref=\"http://zotero.hypotheses.org/files/2017/03/daniel_kulinski2_by_nc_sa.jpg\"><img\nsrc=\"http://zotero.hypotheses.org/files/2017/03/daniel_kulinski2_by_nc_sa-300x200.jpg\"\nclass=\"wp-image-1279\" aria-describedby=\"caption-attachment-1279\"\ndecoding=\"async\" loading=\"lazy\"\nsrcset=\"https://zotero.hypotheses.org/files/2017/03/daniel_kulinski2_by_nc_sa-300x200.jpg 300w, https://zotero.hypotheses.org/files/2017/03/daniel_kulinski2_by_nc_sa-768x512.jpg 768w, https://zotero.hypotheses.org/files/2017/03/daniel_kulinski2_by_nc_sa-1024x683.jpg 1024w, https://zotero.hypotheses.org/files/2017/03/daniel_kulinski2_by_nc_sa.jpg 2048w\"\nsizes=\"(max-width: 600px) 100vw, 600px\" width=\"600\" height=\"400\"\nalt=\"image_crayons\" /></a></p>\n<p>Auteur : Daniel Kulinski \u2013 CC-BY-NC-SA \u2013 Source : Flickr</p>\n</div>\n<p>Le blog Zotero francophone s'associe \u00e0 l'association <a\nhref=\"http://hackyourphd.org/\">HackYourPhD</a> et \u00e0 <a\nhref=\"http://www.boiteaoutils.info/\">La bo\u00eete \u00e0 outils des\nhistoriens</a> pour vous proposer un atelier CSL.</p>\n<h3\nid=\"zotero-avanc\u00e9-styles-bibliographiques-comprendre-et-contribuer\">Zotero\nAvanc\u00e9 \u2013 styles bibliographiques \u00a0: comprendre et contribuer</h3>\n<p>Dans la continuit\u00e9 de l'atelier OpenGeek de <a\nhref=\"https://github.com/HackYourPhd/ateliers-open-geek/blob/master/Atelier_05/Atelier_05.md\"\ntarget=\"_blank\">d\u00e9couverte Zotero</a>, organis\u00e9 par HackYourPhD en\noctobre 2016, ce nouvel atelier Zotero est orient\u00e9 plus sp\u00e9cifiquement\nsur les styles bibliographiques.</p>\n<p>Nous vous proposons le programme suivant :</p>\n<ul>\n<li>principes g\u00e9n\u00e9raux de CSL,</li>\n<li>outils d'\u00e9dition des styles,</li>\n<li>exemples de modification mineures d'un style existant,</li>\n<li>organisation d'un travail collaboratif en France pour la cr\u00e9ation de\nstyles de citation en SHS sur <a\nhref=\"https://trello.com/b/ACMPVFQf/csl-france\"\ntarget=\"_blank\">Trello.</a></li>\n</ul>\n<p>Les informations d\u00e9taill\u00e9s concernant cet atelier sont disponibles <a\nhref=\"http://hackyourphd.org/2017/03/220417-atelier-opengeek-13-zotero-avance-styles-bibliographiques-comprendre-contribuer/\">sur\nle site de HackYourPhd</a>.</p>\n<p>Pour participer, inscrivez-vous sur <a\nhref=\"https://www.eventbrite.com/e/220417-atelier-opengeek-13-zotero-avance-styles-bibliographiques-comprendre-et-contribuer-tickets-28147082682\">Eventbrite</a>\net rendez-vous \u00e0 la\u00a0Biblioth\u00e8que universitaire Pierre et Marie Curie \u2013\nBiblioth\u00e8que des Licences (4 place Jussieu 75005 Paris) le\n<strong>samedi 22 avril \u00e0 partir de 16h</strong>.</p>\n<p>\u00c0 tr\u00e8s bient\u00f4t !</p>\n<p>*Fr\u00e9d\u00e9rique Flamerie (Blog Zotero francophone), C\u00e9lya Gruson-Daniel\n(HackYourPhD) et <span class=\"gD\">Franziska Heimburger (Bo\u00eete \u00e0 outils\ndes historiens).</span><br />\n*</p>\n<p><em>Mise \u00e0 jour du 4 mai 2017</em> : Retrouvez sur <a\nhref=\"https://github.com/HackYourPhd/ateliers-open-geek/blob/master/Atelier_13_zotero_csl/atelier_13.md\"\ntarget=\"_blank\">GitHub</a> la fiche r\u00e9capitulative de la s\u00e9ance, avec un\ntr\u00e8s riche exemple d'organisation de biblioth\u00e8que Zotero et de nombreux\nliens vers des ressources.</p>\n<div id=\"attachment_1183\" class=\"wp-caption aligncenter\"\nstyle=\"width: 550px\">\n<p><a\nhref=\"https://www.eventbrite.com/e/220417-atelier-opengeek-13-zotero-avance-styles-bibliographiques-comprendre-et-contribuer-tickets-28147082682\"\ntarget=\"_blank\"><img\nsrc=\"http://zotero.hypotheses.org/files/2016/10/logo_hyphd.png\"\nclass=\"wp-image-1183 size-full\"\naria-describedby=\"caption-attachment-1183\" decoding=\"async\"\nloading=\"lazy\"\nsrcset=\"https://zotero.hypotheses.org/files/2016/10/logo_hyphd.png 540w, https://zotero.hypotheses.org/files/2016/10/logo_hyphd-300x114.png 300w\"\nsizes=\"(max-width: 540px) 100vw, 540px\" width=\"540\" height=\"206\"\nalt=\"logo_hyp\" /></a></p>\n<p>Logo cr\u00e9\u00e9 par Geoffroy Dorne</p>\n</div>","doi":"https://doi.org/10.59350/6w9mq-ynn57","guid":"http://zotero.hypotheses.org/?p=1275","image":"https://zotero.hypotheses.org/files/2017/03/daniel_kulinski2_by_nc_sa.jpg","language":"fr","license":"https://creativecommons.org/licenses/by/4.0/legalcode","published_at":1490832000,"rid":"6n3bp-wy345","summary":"Auteur : Daniel Kulinski \u2013 CC-BY-NC-SA \u2013 Source : Flickr Le blog Zotero francophone s'associe \u00e0 l'association HackYourPhD et \u00e0 La bo\u00eete \u00e0 outils des historiens pour vous proposer un atelier CSL.","tags":["Actualit\u00e9s","Styles Et CSL","Formation"],"title":"Atelier CSL le 22/04/2017 \u00e0 Paris","updated_at":1788321235,"url":"https://zotero.hypotheses.org/1275","version":"v1"}},{"document":{"authors":[{"contributor_roles":[],"family":"Flamerie","given":"Fr\u00e9d\u00e9rique"}],"blog":{"authors":null,"community_id":"310eb31b-74ce-47d8-9f4f-7ae4dae66b49","created":1708300800,"current_feed_url":null,"description":null,"doi":"https://doi.org/10.59350/zotero_fr","favicon":"https://rogue-scholar.org/api/communities/310eb31b-74ce-47d8-9f4f-7ae4dae66b49/logo","feed_format":"application/atom+xml","feed_url":"https://zotero.hypotheses.org/feed/atom/","filter":null,"generator":"WordPress","home_page_url":"https://zotero.hypotheses.org","issn":null,"language":"fra","license":"https://creativecommons.org/licenses/by/4.0/legalcode","prefix":"10.59350","relative_url":null,"secure":true,"slug":"zotero_fr","status":"active","subfield":"1710","title":"Le blog Zotero francophone","updated":1788191754,"use_api":true},"blog_name":"Le blog Zotero francophone","blog_slug":"zotero_fr","content_html":"<div>\n\n</div>\n\n<div>\n\n</div>\n\n<div>\n\n<div id=\"attachment_1315\" class=\"wp-caption aligncenter\"\nstyle=\"width: 650px\">\n<p><a\nhref=\"http://zotero.hypotheses.org/files/2017/05/drew_streib_by_nc.jpg\"><img\nsrc=\"http://zotero.hypotheses.org/files/2017/05/drew_streib_by_nc.jpg\"\nclass=\"size-full wp-image-1315\"\naria-describedby=\"caption-attachment-1315\" decoding=\"async\"\nloading=\"lazy\"\nsrcset=\"https://zotero.hypotheses.org/files/2017/05/drew_streib_by_nc.jpg 640w, https://zotero.hypotheses.org/files/2017/05/drew_streib_by_nc-300x192.jpg 300w\"\nsizes=\"(max-width: 640px) 100vw, 640px\" width=\"640\"\nheight=\"410\" /></a></p>\n<p>\"Team\" flickr photo par dtype \u2013\nhttps://flickr.com/photos/dtype/29762481 \u2013 Creative Commons (BY-NC)</p>\n</div>\n<div>\n\n<p>Ce billet s'inspire largement du billet de Pegasus Librarian, <a\nhref=\"http://pegasuslibrarian.com/2017/05/best-practices-for-groups-using-zotero.html\"><em>Best\nPractices for Groups using Zotero</em></a>, ainsi que d'exp\u00e9riences\npersonnelles de groupe. Si Zotero permet tr\u00e8s facilement de cr\u00e9er des\nbiblioth\u00e8ques partag\u00e9es, il importe de d\u00e9finir <em>a minima</em>\nquelques principes de fonctionnement, afin d'assurer la coh\u00e9rence de\nvotre biblioth\u00e8que et de faciliter son usage par les contributeurs. Nous\nvous proposons donc, en trois sections, quelques pistes pour construire\nefficacement votre espace de travail bibliographique partag\u00e9.</p>\n<ul>\n<li><a href=\"#section1\">Biblioth\u00e8que de r\u00e9f\u00e9rences bibliographiques\nseules ou biblioth\u00e8que de fichiers?</a></li>\n<li><a href=\"#section2\">Ranger, classer, cat\u00e9goriser?</a></li>\n<li><a href=\"#section3\">Derniers conseils pour la route</a></li>\n</ul>\n<p>Si vous n'avez jamais cr\u00e9\u00e9 de groupe, la <a\nhref=\"https://www.zotero.org/support/fr/groups\">documentation du site de\nZotero</a>, ainsi que divers tutoriels dont <a\nhref=\"https://paris-sorbonne.libguides.com/zotero_sync/groupes\">le\nBiBlioGuide de Sorbonne-Universit\u00e9s</a>, vous permettront de vous\nfamiliariser avec leur fonctionnement de base.</p>\n</div>\n\n<div>\n\n<h3\nid=\"biblioth\u00e8que-de-r\u00e9f\u00e9rences-bibliographiques-seules-ou-biblioth\u00e8que-de-fichiers\"><span\nid=\"section1\"></span>Biblioth\u00e8que de r\u00e9f\u00e9rences bibliographiques seules\nou biblioth\u00e8que de fichiers?</h3>\n<div>\n\n</div>\n\n<div>\n\n<div id=\"attachment_1317\" class=\"wp-caption aligncenter\"\nstyle=\"width: 650px\">\n<p><a\nhref=\"http://zotero.hypotheses.org/files/2017/05/piyushgiri_revagar_by_nc_nd.jpg\"><img\nsrc=\"http://zotero.hypotheses.org/files/2017/05/piyushgiri_revagar_by_nc_nd.jpg\"\nclass=\"size-full wp-image-1317\"\naria-describedby=\"caption-attachment-1317\" decoding=\"async\"\nloading=\"lazy\"\nsrcset=\"https://zotero.hypotheses.org/files/2017/05/piyushgiri_revagar_by_nc_nd.jpg 640w, https://zotero.hypotheses.org/files/2017/05/piyushgiri_revagar_by_nc_nd-300x200.jpg 300w\"\nsizes=\"(max-width: 640px) 100vw, 640px\" width=\"640\"\nheight=\"427\" /></a></p>\n<p>\"Connected\" flickr photo par Piyushgiri Revagar \u2013\nhttps://flickr.com/photos/p_revagar/26611194315 \u2013 Creative Commons\n(BY-NC-ND)</p>\n</div>\n</div>\n\n<p>L'une des premi\u00e8res question \u00e0 se poser est celle des\n<strong>fichiers joints</strong> (sous toutes leurs formes : fichiers\ntexte pour les articles, image pour les figures, cartes, etc.) :\nsouhaitez-vous cr\u00e9er une biblioth\u00e8que de groupe pour partager uniquement\ndes r\u00e9f\u00e9rences bibliographiques, ou \u00e9galement des fichiers?</p>\n<p>Si vous choisissez la premi\u00e8re option, veillez \u00e0 bien sp\u00e9cifier dans\nles pr\u00e9f\u00e9rences de la biblioth\u00e8que de groupe <em>No group file\nstorage</em> : cela \u00e9vitera toute utilisation intempestive de l'espace\nde stockage du propri\u00e9taire du groupe.</p>\n<div id=\"attachment_1325\" class=\"wp-caption aligncenter\"\nstyle=\"width: 587px\">\n<p><a\nhref=\"http://zotero.hypotheses.org/files/2017/05/Capture-d'\u00e9cran-2017-05-21-\u00e0-10.20.11.png\"><img\nsrc=\"http://zotero.hypotheses.org/files/2017/05/Capture-d'\u00e9cran-2017-05-21-\u00e0-10.20.11.png\"\nclass=\"size-full wp-image-1325\"\naria-describedby=\"caption-attachment-1325\" decoding=\"async\"\nloading=\"lazy\"\nsrcset=\"https://zotero.hypotheses.org/files/2017/05/Capture-d'\u00e9cran-2017-05-21-\u00e0-10.20.11.png 577w, https://zotero.hypotheses.org/files/2017/05/Capture-d'\u00e9cran-2017-05-21-\u00e0-10.20.11-300x110.png 300w\"\nsizes=\"(max-width: 577px) 100vw, 577px\" width=\"577\" height=\"212\"\nalt=\"capture \u00e9cran \" /></a></p>\n<p>Page de groupe sur le site Zotero, rubrique \"Library settings\"</p>\n</div>\n<p>Si vous souhaitez en revanche constituer une biblioth\u00e8que de\nfichiers, il importe d'anticiper <strong>l'espace de stockage en\nligne</strong> dont vous aurez besoin, et de pr\u00e9voir des <strong>r\u00e8gles\nminimales de gestion des fichiers</strong>.</p>\n<p>Les 300 Mo d'espace de stockage gratuit du propri\u00e9taire du groupe\nrisquent en effet d'\u00eatre rapidement satur\u00e9s en fonction du nombre de\ncontributeurs du groupe et de l'ampleur de votre biblioth\u00e8que. Si\ncertaines universit\u00e9s comme Aix-Marseille et son <a\nhref=\"https://hs.hypotheses.org/460\">AMUbox</a> offrent \u00e0 leurs membres\nun espace <strong>WebDav</strong> utilisable pour la synchronisation des\nfichiers joints de biblioth\u00e8ques personnelles, le recours \u00e0 cette option\ns'av\u00e8re impossible pour une biblioth\u00e8que de groupe, comme cela est\nd\u00e9taill\u00e9 notamment dans <a\nhref=\"https://forums.zotero.org/discussion/9485/sync-group-attachments-rather-to-webdav-than-to-zotero\">cette\ndiscussion du forum</a>.</p>\n<p>Il est en revanche possible d'augmenter votre capacit\u00e9 de stockage\nsur le serveur Zotero. Louer de l'espace de stockage Zotero repr\u00e9sente\ncertes un co\u00fbt financier, mais ce co\u00fbt peut s'av\u00e9rer minime en regard de\nl'\u00e9conomie de temps et d'\u00e9nergie qu'il permet. Si votre projet de\nrecherche dispose d'un budget m\u00eame modeste, cette d\u00e9pense m\u00e9rite d'\u00eatre\nconsid\u00e9r\u00e9e : vous \u00e9conomiserez ainsi les envois multiples de fichiers\npar courriel (service de transfert de fichier ou autre), la\nd\u00e9multiplication des t\u00e9l\u00e9chargements et de l'organisation des fichiers\npar chacun des contributeurs, etc. Zotero propose aussi une <a\nhref=\"https://www.zotero.org/support/institutional_storage\">offre\ninstitutionnelle</a>, qui peut \u00eatre souscrite \u00e0 l'\u00e9chelle d'un\nlaboratoire comme \u00e0 celle d'une universit\u00e9.</p>\n<p>Enfin, votre biblioth\u00e8que commune de fichiers sera d'autant plus\ncoh\u00e9rente que vous adopterez des r\u00e8gles communes de <strong>nommage de\nfichiers</strong>, automatisables et configurables gr\u00e2ce \u00e0 <a\nhref=\"http://zotfile.com/\">ZotFile</a>, auquel nous ne manquerons pas de\nconsacrer un nouveau billet prochainement, et dont vous trouverez une\npr\u00e9sentation en fran\u00e7ais dans le <a\nhref=\"http://paris-sorbonne.libguides.com/zotero-gerer-sa-biblio-et-ses-pdf/gerer-ses-pdf-et-ses-pj\">BiblioGuide\nZotero de Sorbonne-Universit\u00e9s</a>.</p>\n</div>\n\n</div>\n\n<div>\n\n</div>\n\n<div>\n\n</div>\n\n<div>\n\n</div>\n\n<h3 id=\"ranger-classer-cat\u00e9goriser\"><span id=\"section2\"></span>Ranger,\nclasser, cat\u00e9goriser?</h3>\n<div id=\"attachment_1346\" class=\"wp-caption aligncenter\"\nstyle=\"width: 650px\">\n<p><a href=\"http://zotero.hypotheses.org/?attachment_id=1346\"\nrel=\"attachment wp-att-1346\"><img\nsrc=\"http://zotero.hypotheses.org/files/2017/06/files.jpg\"\nclass=\"wp-image-1346 size-full\"\naria-describedby=\"caption-attachment-1346\" decoding=\"async\"\nloading=\"lazy\"\nsrcset=\"https://zotero.hypotheses.org/files/2017/06/files.jpg 640w, https://zotero.hypotheses.org/files/2017/06/files-300x199.jpg 300w\"\nsizes=\"(max-width: 640px) 100vw, 640px\" width=\"640\"\nheight=\"425\" /></a></p>\n<p>\"Files\" flickr photo par Nick Lockey \u2013\nhttps://www.flickr.com/photos/nicklockey/6776864793/ \u2013 Creative Commons\n(BY-NC-ND)</p>\n</div>\n<div>\n\n<p>De m\u00eame que pour le nommage des fichiers, des r\u00e8gles d'organisation\ncommunes minimales permettront \u00e0 votre biblioth\u00e8que de conserver sa\ncoh\u00e9rence et d'\u00eatre plus ais\u00e9ment utilisables par tous les\ncontributeurs.</p>\n<p>Que vous soyez adeptes des marqueurs, des collections ou des\nrecherches enregistr\u00e9es (nous esp\u00e9rons que notre <a\nhref=\"http://zotero.hypotheses.org/756\" target=\"_blank\"\nrel=\"noopener noreferrer\">pr\u00e9c\u00e9dent billet</a> vous aura convaincu de la\ngrande efficacit\u00e9 des marqueurs et des recherches enregistr\u00e9es), le plus\nimportant demeure d'<strong>expliciter</strong> et de\n<strong>documenter</strong> vos choix d'organisation, afin que chacun\npuisse se les approprier et surtout les appliquer.</p>\n<p>Ce <strong>mode d'emploi</strong> peut efficacement prendre la forme\nd'un document de la biblioth\u00e8que auquel seront attach\u00e9s :</p>\n</div>\n\n<ul>\n<li>une note descriptive pour les <strong>collections</strong>,\ncomportant la liste des collections et d\u00e9taillant le champ d'application\nde chacune d'elles,</li>\n<li>une note descriptive pour les <strong>marqueurs</strong>, comportant\nla liste des marqueurs et d\u00e9taillant le champ d'application de chacun\nd'eux,</li>\n<li>une note descriptive pour les <strong>recherches\nenregistr\u00e9es</strong>, comportant la liste des recherches enregistr\u00e9es\net d\u00e9taillant le champ d'application de chacune d'elles,</li>\n<li>tous les marqueurs utilisables : cela permettra de disposer de\nl'ensemble des marqueurs d\u00e8s la cr\u00e9ation de la biblioth\u00e8que, et \u00e9vitera\nla suppression intempestive de l'un d'eux s'il n'est plus utilis\u00e9 dans\nun document.</li>\n</ul>\n<div id=\"attachment_1336\" class=\"wp-caption aligncenter\"\nstyle=\"width: 310px\">\n<p><a\nhref=\"http://zotero.hypotheses.org/files/2017/05/Capture-d'\u00e9cran-2017-05-25-\u00e0-13.46.48.png\"\ntarget=\"_blank\" rel=\"attachment wp-att-1336 noopener noreferrer\"><img\nsrc=\"http://zotero.hypotheses.org/files/2017/05/Capture-d'\u00e9cran-2017-05-25-\u00e0-13.46.48-300x53.png\"\nclass=\"wp-image-1336 size-medium\"\naria-describedby=\"caption-attachment-1336\" decoding=\"async\"\nloading=\"lazy\"\nsrcset=\"https://zotero.hypotheses.org/files/2017/05/Capture-d'\u00e9cran-2017-05-25-\u00e0-13.46.48-300x53.png 300w, https://zotero.hypotheses.org/files/2017/05/Capture-d'\u00e9cran-2017-05-25-\u00e0-13.46.48-768x136.png 768w, https://zotero.hypotheses.org/files/2017/05/Capture-d'\u00e9cran-2017-05-25-\u00e0-13.46.48.png 959w\"\nsizes=\"(max-width: 300px) 100vw, 300px\" width=\"300\" height=\"53\"\nalt=\"copie d&#39;\u00e9cran mode d&#39;emploi\" /></a></p>\n<p>Un mode d'emploi compact et complet pour votre biblioth\u00e8que de\ngroupe</p>\n</div>\n<p>Pensez bien s\u00fbr \u00e0 <strong>actualiser</strong> ce mode d'emploi au fur\net \u00e0 mesure de l'\u00e9volution de l'organisation de votre biblioth\u00e8que.</p>\n<div>\n\n<p>Si vous recourez aux <strong>collections</strong>, classer ce\ndocument dans toutes les collections permettra \u00e0 chacun de v\u00e9rifier\nfacilement le champ d'application de la collection en cours. Une\nalternative est la cr\u00e9ation d'une note ind\u00e9pendante pour chaque\ncollection.</p>\n</div>\n\n<div>\n\n<p>Afin que les principales r\u00e8gles d'organisation soient visibles de\ntous, n'h\u00e9sitez pas \u00e0 les reporter dans la <em>Description</em> de votre\ngroupe ; elles seront ainsi affich\u00e9es lisiblement sur la <strong>page\nweb de votre groupe</strong>.<br />\nSi vous utilisez ne serait-ce que minimalement les\n<strong>marqueurs</strong>, d\u00e9cocher la r\u00e9cup\u00e9ration automatique des\nmarqueurs dans les pr\u00e9f\u00e9rences de Zotero \u00e9vitera de parasiter la liste\nde vos marqueurs avec des mots cl\u00e9s inutiles.</p>\n</div>\n\n<div>\n\n<div id=\"attachment_1332\" class=\"wp-caption aligncenter\"\nstyle=\"width: 310px\">\n<p><a\nhref=\"http://zotero.hypotheses.org/files/2017/05/Capture-d'\u00e9cran-2017-05-25-\u00e0-08.59.05.png\"\ntarget=\"_blank\" rel=\"noopener noreferrer\"><img\nsrc=\"http://zotero.hypotheses.org/files/2017/05/Capture-d'\u00e9cran-2017-05-25-\u00e0-08.59.05-300x231.png\"\nclass=\"wp-image-1332 size-medium\"\naria-describedby=\"caption-attachment-1332\" decoding=\"async\"\nloading=\"lazy\"\nsrcset=\"https://zotero.hypotheses.org/files/2017/05/Capture-d'\u00e9cran-2017-05-25-\u00e0-08.59.05-300x231.png 300w, https://zotero.hypotheses.org/files/2017/05/Capture-d'\u00e9cran-2017-05-25-\u00e0-08.59.05.png 711w\"\nsizes=\"(max-width: 300px) 100vw, 300px\" width=\"300\" height=\"231\"\nalt=\"copie d&#39;\u00e9cran pr\u00e9f\u00e9rences\" /></a></p>\n<p>Pr\u00e9f\u00e9rences de Zotero : ne pas r\u00e9cup\u00e9rer de marqueurs\nautomatiquement</p>\n</div>\n</div>\n\n<div>\n\n<p>Enfin, n'oubliez pas que les collections, les marqueurs et les\nrecherches enregistr\u00e9es peuvent non seulement organiser\nintellectuellement votre biblioth\u00e8que, mais aussi contribuer \u00e0 sa bonne\ngestion et rev\u00eatir une fonction <strong>utilitaire</strong>. Une\nrecherche enregistr\u00e9e sur le crit\u00e8re <em>Type de fichier joint</em> vous\npermettra par exemple de rep\u00e9rer rapidement les documents pour lesquels\naucun fichier n'est joint.</p>\n</div>\n\n<div>\n\n<h3 id=\"derniers-conseils-pour-la-route\"><span\nid=\"section3\"></span>Derniers conseils pour la route</h3>\n<div id=\"attachment_1347\" class=\"wp-caption aligncenter\"\nstyle=\"width: 650px\">\n<p><a href=\"http://zotero.hypotheses.org/?attachment_id=1347\"\nrel=\"attachment wp-att-1347\"><img\nsrc=\"http://zotero.hypotheses.org/files/2017/06/fleches.jpg\"\nclass=\"size-full wp-image-1347\"\naria-describedby=\"caption-attachment-1347\" decoding=\"async\"\nloading=\"lazy\"\nsrcset=\"https://zotero.hypotheses.org/files/2017/06/fleches.jpg 640w, https://zotero.hypotheses.org/files/2017/06/fleches-300x181.jpg 300w\"\nsizes=\"(max-width: 640px) 100vw, 640px\" width=\"640\" height=\"387\"\nalt=\"fleches\" /></a></p>\n<p>\"arrows\" flickr photo par Dean Hochman \u2013\nhttps://www.flickr.com/photos/deanhochman/9791938296/ \u2013 Creative Commons\n(BY)</p>\n</div>\n<p>Terminons ces quelques recommandations par de derniers conseils\nvari\u00e9s.</p>\n<ol type=\"1\">\n<li>Chacun des contributeurs membres du groupe Zotero doit avoir son\npropre compte Zotero : partager les identifiants d'un m\u00eame compte posera\nimmanquablement divers probl\u00e8mes, notamment si les contributeurs qui\nutilisent le m\u00eame compte souhaitent synchroniser leur biblioth\u00e8que\npersonnelle.</li>\n<li>D\u00e9terminez <strong>votre m\u00e9thode d'alimentation</strong> de la\nbiblioth\u00e8que de groupe. Certains pr\u00e9f\u00e8rent enregistrer d'abord les\ndocuments dans leur biblioth\u00e8que personnelle pour ajouter le texte\nint\u00e9gral, les mots cl\u00e9s, etc. D'autres au contraire pr\u00e9f\u00e8reront\nconserver distinctes les deux biblioth\u00e8ques et enregistreront\ndirectement les documents \u00e0 partager dans la biblioth\u00e8que du\ngroupe.</li>\n<li>Dans les deux cas, veillez \u00e0 <strong>corriger et compl\u00e9ter</strong>\nsi n\u00e9cessaire les r\u00e9f\u00e9rences bibliographiques ; Zotero peut vous aider\npour certaines petites corrections, comme nous l'avons d\u00e9taill\u00e9 dans un\n<a href=\"http://zotero.hypotheses.org/760\">pr\u00e9c\u00e9dent billet</a>.</li>\n<li>Ne n\u00e9gligez pas la fonction <em><strong>Connexe</strong></em>, qui\nvous permet de lier plusieurs documents Zotero entre eux.\n<em>Connexe</em> relie ainsi les diff\u00e9rentes versions d'une m\u00eame oeuvre,\nles figures de l'article dans lequel elles sont ins\u00e9r\u00e9es, etc. Dans le\ncadre d'un travail collaboratif, il indiquera surtout aux autres\ncontributeurs les connexions que vous avez \u00e9tablies entre diff\u00e9rents\ndocuments.</li>\n<li>Vous disposez d'un peu de temps, d'une connexion internet mais non\nde votre biblioth\u00e8que locale Zotero? Depuis votre <strong>espace en\nligne</strong>, vous pouvez toujours \u00e9diter les r\u00e9f\u00e9rences\nbibliographiques (pour ajouter des mots cl\u00e9s ou un fichier joint par\nexemple) ou en ajouter gr\u00e2ce \u00e0 <a\nhref=\"https://www.zotero.org/downloadbookmarklet\">l'applisignet\nZotero</a>. Cette\u00a0 option peut \u00eatre un bon moyen d'associer \u00e0 votre\ngroupe des contributeurs non utilisateurs de Zotero.</li>\n</ol>\n<p>Avez-vous aussi des conseils pour la route \u00e0 partager ? Rendez-vous \u00e0\n<a\nhref=\"https://sygefor.reseau-urfist.fr/#!/training/6877/7396\">l'Urfist\nde Bordeaux</a> en novembre ?</p>\n</div>","doi":"https://doi.org/10.59350/h7yjv-d8346","guid":"http://zotero.hypotheses.org/?p=1311","image":"https://zotero.hypotheses.org/files/2017/05/drew_streib_by_nc.jpg","language":"fr","license":"https://creativecommons.org/licenses/by/4.0/legalcode","published_at":1496966400,"rid":"rcyjn-e2v91","summary":"\"Team\" flickr photo par dtype \u2013 https://flickr.com/photos/dtype/29762481 \u2013 Creative Commons (BY-NC) Ce billet s'inspire largement du billet de Pegasus Librarian, <em> Best Practices for Groups using Zotero </em> , ainsi que d'exp\u00e9riences personnelles de groupe.","tags":["Trucs Et Astuces"],"title":"Biblioth\u00e8que de groupe : quelques pistes pour collaborer efficacement","updated_at":1788321232,"url":"https://zotero.hypotheses.org/1311","version":"v1"}},{"document":{"authors":[{"contributor_roles":[],"name":"Collectif"}],"blog":{"authors":null,"community_id":"310eb31b-74ce-47d8-9f4f-7ae4dae66b49","created":1708300800,"current_feed_url":null,"description":null,"doi":"https://doi.org/10.59350/zotero_fr","favicon":"https://rogue-scholar.org/api/communities/310eb31b-74ce-47d8-9f4f-7ae4dae66b49/logo","feed_format":"application/atom+xml","feed_url":"https://zotero.hypotheses.org/feed/atom/","filter":null,"generator":"WordPress","home_page_url":"https://zotero.hypotheses.org","issn":null,"language":"fra","license":"https://creativecommons.org/licenses/by/4.0/legalcode","prefix":"10.59350","relative_url":null,"secure":true,"slug":"zotero_fr","status":"active","subfield":"1710","title":"Le blog Zotero francophone","updated":1788191754,"use_api":true},"blog_name":"Le blog Zotero francophone","blog_slug":"zotero_fr","content_html":"<div id=\"attachment_1238\" class=\"wp-caption aligncenter\"\nstyle=\"width: 510px\">\n<p><a href=\"http://zotero.hypotheses.org/1224/leo_reynolds5\"\nrel=\"attachment wp-att-1238\"><img\nsrc=\"http://zotero.hypotheses.org/files/2017/02/leo_reynolds5-300x300.jpg\"\nclass=\"wp-image-1238\" aria-describedby=\"caption-attachment-1238\"\ndecoding=\"async\" loading=\"lazy\"\nsrcset=\"https://zotero.hypotheses.org/files/2017/02/leo_reynolds5-300x300.jpg 300w, https://zotero.hypotheses.org/files/2017/02/leo_reynolds5-150x150.jpg 150w, https://zotero.hypotheses.org/files/2017/02/leo_reynolds5-768x768.jpg 768w, https://zotero.hypotheses.org/files/2017/02/leo_reynolds5-160x160.jpg 160w, https://zotero.hypotheses.org/files/2017/02/leo_reynolds5-320x320.jpg 320w, https://zotero.hypotheses.org/files/2017/02/leo_reynolds5.jpg 1024w\"\nsizes=\"(max-width: 500px) 100vw, 500px\" width=\"500\" height=\"500\"\nalt=\"image_5\" /></a></p>\n<p>Auteur : Leo Reynolds \u2013 CC-BY-SA \u2013 Source : Flickr</p>\n</div>\n<p>Ce billet est traduit et adapt\u00e9 de : <span\nclass=\"smallcaps\">Stillman</span> Dan, <em>Zotero 5.0</em>, <a\nhref=\"https://www.zotero.org/blog/zotero-5-0\">https://www.zotero.org/blog/zotero-5-0</a>,\n10 juillet 2017, consult\u00e9 le 12 juillet 2017.</p>\n<div class=\"csl-bib-body\" style=\"line-height: 1.35\" role=\"list\">\n<p>\u00ab Nous sommes heureux d'annoncer la publication de Zotero 5.0, la\nplus importante \u00e9volution de version dans l'histoire de Zotero. Zotero\n5.0 apporte de multiples nouvelles fonctionnalit\u00e9s, ainsi qu'un nombre\nconsid\u00e9rable de changements sous le capot. Ces changements am\u00e9liorent la\nr\u00e9activit\u00e9 et la stabilit\u00e9 de Zotero, tout en posant les bases d'autres\nd\u00e9veloppements importants r\u00e9alis\u00e9s prochainement. Nous mettrons en\nlumi\u00e8re certaines des nouvelles fonctionnalit\u00e9s dans de prochains\nbillets, mais vous pouvez d'ores et d\u00e9j\u00e0 consulter le <a\nhref=\"https://www.zotero.org/support/5.0_changelog#changes_in_50_july_10_2017\">journal\ndes modifications</a> pour une pr\u00e9sentation d\u00e9taill\u00e9e de toutes les\nnouveaut\u00e9s.</p>\n<p><a href=\"https://www.zotero.org/download\">T\u00e9l\u00e9chargez Zotero 5.0</a>\npour d\u00e9marrer avec cette nouvelle version !</p>\n</div>\n<p>Si vous utilisez d\u00e9j\u00e0 <strong>Zotero Standalone 4.0</strong>, la mise\n\u00e0 niveau vers Zotero 5.0 vous sera propos\u00e9e d'ici quelques semaines.\nVous pouvez \u00e9galement t\u00e9l\u00e9charger d\u00e8s maintenant Zotero 5.0 et\nl'installer sur votre version existante. Votre base de donn\u00e9es sera\nautomatiquement mise \u00e0 niveau pour \u00eatre compatible avec Zotero 5.0.</p>\n<p>Si vous utilisez <strong>Zotero 4.0 pour Firefox</strong>, soyez\nconscient que Zotero 5.0 fonctionne maintenant uniquement en tant\nqu'application distincte, et qu'un nouveau connecteur pour Firefox\nremplace l'extension Firefox compl\u00e8te. Un <a\nhref=\"https://www.zotero.org/blog/a-unified-zotero-experience\">billet\nsp\u00e9cifique</a> explique les raisons de ce changement. Les utilisateurs\nde Zotero pour Firefox seront automatiquement mis \u00e0 niveau vers le\nconnecteur pour Firefox dans les prochaines semaines. <strong>Ils\ndevront installer Zotero 5.0 pour pouvoir acc\u00e9der \u00e0 leurs donn\u00e9es\nlocales</strong>. Si vous installez Zotero 5.0 d\u00e8s maintenant,\nassurez-vous d'installer \u00e9galement le connecteur pour Firefox depuis la\npage de t\u00e9l\u00e9chargement.</p>\n<p>Merci \u00e0 tous les membres de la communaut\u00e9 Zotero qui nous ont aid\u00e9 en\ntestant Zotero 5.0 au cours de l'ann\u00e9e, permettant ainsi qu'il soit pr\u00eat\npour aujourd'hui. <span lang=\"fr\">Nous sommes ravis de finalement le\npartager avec le monde ! \u00bb<br />\n</span></p>\n<h5 id=\"note-de-la-r\u00e9daction-zotero-francophone\">Note de la r\u00e9daction\nZotero francophone</h5>\n<p>Vous pouvez retrouver <strong>une premi\u00e8re pr\u00e9sentation des\nnouveaut\u00e9s</strong> de Zotero 5.0 dans notre pr\u00e9c\u00e9dent billet <a\nhref=\"http://zotero.hypotheses.org/1224\" target=\"_blank\"\nrel=\"noopener noreferrer\">Un avant-go\u00fbt de Zotero version 5</a>.</p>\n<p>N'oubliez pas de <strong>recourir prioritairement au <a\nhref=\"https://forums.zotero.org/discussions\">forum Zotero</a></strong>\npour toute difficult\u00e9 d'installation ou d'utilisation de Zotero 5.0\n(voir notre pr\u00e9c\u00e9dent billet <a href=\"http://zotero.hypotheses.org/1192\"\ntarget=\"_blank\" rel=\"noopener noreferrer\">Besoin d'aide ?</a>).</p>\n<p>\u00a0</p>","doi":"https://doi.org/10.59350/c03vw-cyt31","guid":"http://zotero.hypotheses.org/?p=1355","image":"https://zotero.hypotheses.org/files/2017/02/leo_reynolds5.jpg","language":"fr","license":"https://creativecommons.org/licenses/by/4.0/legalcode","published_at":1499817600,"rid":"gxrya-8ze84","summary":"Auteur : Leo Reynolds \u2013 CC-BY-SA \u2013 Source : Flickr Ce billet est traduit et adapt\u00e9 de : Stillman Dan, <em> Zotero 5.0 </em> , https://www.zotero.org/blog/zotero-5-0, 10 juillet 2017, consult\u00e9 le 12 juillet 2017. \u00ab Nous sommes heureux d'annoncer la publication de Zotero 5.0, la plus importante \u00e9volution de version dans l'histoire de Zotero.","tags":["Actualit\u00e9s","Standalone","Traduction"],"title":"Zotero 5.0","updated_at":1788321229,"url":"https://zotero.hypotheses.org/1355","version":"v1"}},{"document":{"authors":[{"contributor_roles":[],"family":"Flamerie","given":"Fr\u00e9d\u00e9rique"}],"blog":{"authors":null,"community_id":"310eb31b-74ce-47d8-9f4f-7ae4dae66b49","created":1708300800,"current_feed_url":null,"description":null,"doi":"https://doi.org/10.59350/zotero_fr","favicon":"https://rogue-scholar.org/api/communities/310eb31b-74ce-47d8-9f4f-7ae4dae66b49/logo","feed_format":"application/atom+xml","feed_url":"https://zotero.hypotheses.org/feed/atom/","filter":null,"generator":"WordPress","home_page_url":"https://zotero.hypotheses.org","issn":null,"language":"fra","license":"https://creativecommons.org/licenses/by/4.0/legalcode","prefix":"10.59350","relative_url":null,"secure":true,"slug":"zotero_fr","status":"active","subfield":"1710","title":"Le blog Zotero francophone","updated":1788191754,"use_api":true},"blog_name":"Le blog Zotero francophone","blog_slug":"zotero_fr","content_html":"<p><a href=\"http://zotero.hypotheses.org/1482/hackathon_3_2017\"\nrel=\"attachment wp-att-1483\"><img\nsrc=\"http://zotero.hypotheses.org/files/2017/11/hackathon_3_2017.png\"\nclass=\"aligncenter size-full wp-image-1483\" decoding=\"async\"\nloading=\"lazy\"\nsrcset=\"https://zotero.hypotheses.org/files/2017/11/hackathon_3_2017.png 540w, https://zotero.hypotheses.org/files/2017/11/hackathon_3_2017-300x243.png 300w\"\nsizes=\"(max-width: 540px) 100vw, 540px\" width=\"540\" height=\"437\"\nalt=\"hackathon BnF\" /></a></p>\n<p>Les 25 et 26 novembre prochains, la Biblioth\u00e8que nationale de France\norganise la deuxi\u00e8me \u00e9dition de son Hackathon, sur le th\u00e8me de la\nmusique. Aux c\u00f4t\u00e9s de l'orchestre des hackathoniens, la programmation\n\"Le num\u00e9rique et moi\" invite les \u00e9tudiants, chercheurs, lecteurs et\nvisiteurs de la BnF \u00e0 venir jouer des improvisations num\u00e9riques.\nConf\u00e9rences, ateliers sur la programmation et la musique assist\u00e9e par\nordinateur, jeux sur les r\u00e9seaux ou les algorithmes, mais aussi stands\npratiques permettront \u00e0 tout un chacun de profiter du Hackathon pour\ns'initier \u00e0 la pens\u00e9e informatique et aux pratiques num\u00e9riques.</p>\n<p>Le blog Zotero francophone sera pr\u00e9sent aux c\u00f4t\u00e9s de <a\nhref=\"https://framasoft.org/\" target=\"_blank\"\nrel=\"noopener\">Framasoft</a> pour animer le stand \"**Les outils libres\nde l'\u00e9tudiant et du chercheur\"**, faire d\u00e9couvrir Zotero mais aussi\n\u00e9changer et partager nos pratiques.</p>\n<p>Nous vous donnons rendez-vous le <strong>samedi 25 novembre</strong>\napr\u00e8s-midi entre <strong>14h et 18h</strong> dans le <strong>hall\nEst</strong> de la BnF.</p>\n<p>Vous pouvez retrouver toute la programmation du Hackathon et les\ninformations pratiques <a\nhref=\"http://www.bnf.fr/fr/evenements_et_culture/anx_auditoriums/f.hackathon_2017.html?seance=1223928195323\"\ntarget=\"_blank\" rel=\"noopener\">sur le site de la BnF</a>. C'est libre et\ngratuit, sur inscription pour les deux ateliers pratiques.</p>\n<p><em>Nous remercions chaleureusement la Biblioth\u00e8que nationale de\nFrance de nous associer \u00e0 cet \u00e9v\u00e9nement.</em></p>","doi":"https://doi.org/10.59350/82t3d-seb03","guid":"http://zotero.hypotheses.org/?p=1482","image":"https://zotero.hypotheses.org/files/2017/11/hackathon_3_2017.png","language":"fr","license":"https://creativecommons.org/licenses/by/4.0/legalcode","published_at":1510876800,"rid":"ne6gq-mqc52","summary":"Les 25 et 26 novembre prochains, la Biblioth\u00e8que nationale de France organise la deuxi\u00e8me \u00e9dition de son Hackathon, sur le th\u00e8me de la musique. Aux c\u00f4t\u00e9s de l'orchestre des hackathoniens, la programmation \"Le num\u00e9rique et moi\" invite les \u00e9tudiants, chercheurs, lecteurs et visiteurs de la BnF \u00e0 venir jouer des improvisations num\u00e9riques.","tags":["Actualit\u00e9s"],"title":"Atelier Zotero le 25/11 \u00e0 Paris \u2013 Hackathon BnF","updated_at":1788321226,"url":"https://zotero.hypotheses.org/1482","version":"v1"}},{"document":{"authors":[{"contributor_roles":[],"name":"Collectif"}],"blog":{"authors":null,"community_id":"310eb31b-74ce-47d8-9f4f-7ae4dae66b49","created":1708300800,"current_feed_url":null,"description":null,"doi":"https://doi.org/10.59350/zotero_fr","favicon":"https://rogue-scholar.org/api/communities/310eb31b-74ce-47d8-9f4f-7ae4dae66b49/logo","feed_format":"application/atom+xml","feed_url":"https://zotero.hypotheses.org/feed/atom/","filter":null,"generator":"WordPress","home_page_url":"https://zotero.hypotheses.org","issn":null,"language":"fra","license":"https://creativecommons.org/licenses/by/4.0/legalcode","prefix":"10.59350","relative_url":null,"secure":true,"slug":"zotero_fr","status":"active","subfield":"1710","title":"Le blog Zotero francophone","updated":1788191754,"use_api":true},"blog_name":"Le blog Zotero francophone","blog_slug":"zotero_fr","content_html":"<div id=\"attachment_1514\" class=\"wp-caption aligncenter\"\nstyle=\"width: 745px\">\n<p><a href=\"http://zotero.hypotheses.org/1497/pere_noel_suisse\"\nrel=\"attachment wp-att-1514\"><img\nsrc=\"http://zotero.hypotheses.org/files/2017/12/pere_noel_suisse-735x1024.jpeg\"\nclass=\"size-large wp-image-1514\"\naria-describedby=\"caption-attachment-1514\" decoding=\"async\"\nloading=\"lazy\"\nsrcset=\"https://zotero.hypotheses.org/files/2017/12/pere_noel_suisse-735x1024.jpeg 735w, https://zotero.hypotheses.org/files/2017/12/pere_noel_suisse-215x300.jpeg 215w, https://zotero.hypotheses.org/files/2017/12/pere_noel_suisse-768x1070.jpeg 768w, https://zotero.hypotheses.org/files/2017/12/pere_noel_suisse.jpeg 1024w\"\nsizes=\"(max-width: 735px) 100vw, 735px\" width=\"735\" height=\"1024\"\nalt=\"pere_noel\" /></a></p>\n<p>Le P\u00e8re No\u00ebl dans les campagnes suisses [dans la neige] :\n[photographie de presse] / [Agence Rol] \u2013 Source : BnF \u2013 <a\nhref=\"http://gallica.bnf.fr/ark:/12148/btv1b53124406p\">http://gallica.bnf.fr/ark:/12148/btv1b53124406p</a></p>\n</div>\n<p>En cette p\u00e9riode de fin d'ann\u00e9e, de r\u00e9jouissances, de repos et de\nbonnes pens\u00e9es, l'\u00e9quipe de r\u00e9daction tient \u00e0 vous pr\u00e9senter ses\nmeilleurs v\u0153ux et vous proposer un avant-go\u00fbt de 2018 avec les id\u00e9es de\nbillet \u00e9chang\u00e9es lors de notre derni\u00e8re conf\u00e9rence de r\u00e9daction.</p>\n<blockquote>\n<p>Vendredi dernier, c'\u00e9tait conf\u00e9rence de r\u00e9daction pour l'\u00e9quipe du\ncarnet <a\nhref=\"https://twitter.com/hashtag/zotero?src=hash&amp;ref_src=twsrc%5Etfw\">#zotero</a>\nfrancophone; on vous concocte une s\u00e9rie de billets pour 2018. Reste \u00e0\nles \u00e9crire\u2026 \ud83d\ude09 ! D'ailleurs\u2026 <a\nhref=\"https://t.co/67JUYTv4wY\">pic.twitter.com/67JUYTv4wY</a></p>\n<p>\u2014 Blog Z Francophone (@zfrancophone) <a\nhref=\"https://twitter.com/zfrancophone/status/941616897677840384?ref_src=twsrc%5Etfw\">15\nd\u00e9cembre 2017</a></p>\n</blockquote>\n<p>Voici donc les principaux th\u00e8mes sur lesquels nous allons tenter de\ntravailler prochainement.</p>\n<ul>\n<li>Les convertisseurs : comment faire quand cela ne fonctionne pas (\u00e0\npartir de l'exemple du convertisseur Cairn)</li>\n<li><span class=\"author-a-m547z78zfw5z78zz73zgz71zlz86zz71zj\">D'EndNote\n\u00e0 Zotero : r\u00e9ussir la migration de sa biblioth\u00e8que<br />\n</span></li>\n<li><span class=\"author-a-m547z78zfw5z78zz73zgz71zlz86zz71zj\">Cr\u00e9er un\nstyle CSL : quel outil d'\u00e9dition choisir ?<br />\n</span></li>\n<li><span class=\"author-a-m547z78zfw5z78zz73zgz71zlz86zz71zj\">Un module\ncompl\u00e9mentaire pour g\u00e9rer vos fichiers joints : Zotfile</span></li>\n<li><span class=\"author-a-z89zz77z6z82zz86zz84zm1nz74zz81zl9poe\">Un\nmodule compl\u00e9mentaire pour mieux g\u00e9rer votre biblioth\u00e8que :\nZutilo</span></li>\n<li><span class=\"author-a-m547z78zfw5z78zz73zgz71zlz86zz71zj\">Markdown\net Zotero </span></li>\n<li><span class=\"author-a-nl86l9z68zvmoz75ziz122zz65zz70zz76z\">\u00c9criture\nscientifique collaborative en ligne et Zotero<br />\n</span></li>\n<li>Les profils multiples dans Zotero 5</li>\n</ul>\n<p>Sans oublier des billets d'actualit\u00e9, sur les formations notamment,\net sans doute \"des trucs et astuces\" pl\u00e9biscit\u00e9s par le petit sondage\nr\u00e9alis\u00e9 sur <a href=\"https://twitter.com/zfrancophone\">notre compte\nTwitter</a>.</p>\n<p>Pour terminer ce dernier billet de 2017, nous partageons avec vous\nnos bonnes r\u00e9solutions zot(h)ero\u00efques pour l'ann\u00e9e 2018.</p>\n<p>*Alain : Finir de nettoyer mes marqueurs, et envisager de passer de\n23 collections \u00e0 moins de 10.<br />\n*</p>\n<p><em>Fr\u00e9d\u00e9rique : Ne pas cr\u00e9er un quatri\u00e8me profil Zotero, 3 c'est\nassez.</em></p>\n<p>*Rapha\u00ebl : Prendre le temps de lire quelques-uns les 300 articles\nmarqu\u00e9s \"\u00e0 lire\" de ma biblioth\u00e8que\u2026<br />\n*</p>\n<p>\u00a0</p>\n<p>Et vous, allez-vous prendre de bonnes r\u00e9solutions zot(h)ero\u00efques\n?</p>","doi":"https://doi.org/10.59350/zd877-rs830","guid":"http://zotero.hypotheses.org/?p=1497","image":"https://zotero.hypotheses.org/files/2017/12/pere_noel_suisse.jpeg","language":"fr","license":"https://creativecommons.org/licenses/by/4.0/legalcode","published_at":1513900800,"rid":"1f6ms-5hm80","summary":"Le P\u00e8re No\u00ebl dans les campagnes suisses [dans la neige] : [photographie de presse] / [Agence Rol] \u2013 Source : BnF \u2013 http://gallica.bnf.fr/ark:/12148/btv1b53124406p En cette p\u00e9riode de fin d'ann\u00e9e, de r\u00e9jouissances, de repos et de bonnes pens\u00e9es, l'\u00e9quipe de r\u00e9daction tient \u00e0 vous pr\u00e9senter ses meilleurs v\u0153ux et vous proposer un avant-go\u00fbt de 2018 avec les id\u00e9es de billet \u00e9chang\u00e9es lors de notre derni\u00e8re conf\u00e9rence de r\u00e9daction.","tags":["Actualit\u00e9s"],"title":"Les v\u0153ux 2018 de la r\u00e9daction","updated_at":1788321224,"url":"https://zotero.hypotheses.org/1497","version":"v1"}}],"items":[{"authors":[{"contributor_roles":[],"family":"Silber","given":"David"}],"blog":{"authors":null,"community_id":"ad6b31bb-31f3-4277-bcf1-7bc662d83893","created":1740441600,"current_feed_url":null,"description":"Netzwerk Fluchtforschung ist ein multi-disziplin\u00e4res Netzwerk von Wissenschaftler*innen die zu jeglichen Aspekten von Flucht und Fl\u00fcchtlingsschutz forschen.","doi":"https://doi.org/10.59350/fluchtforschung","favicon":"https://rogue-scholar.org/api/communities/ad6b31bb-31f3-4277-bcf1-7bc662d83893/logo","feed_format":"application/atom+xml","feed_url":"https://fluchtforschung.net/feed/atom/","filter":null,"generator":"WordPress","home_page_url":"https://fluchtforschung.net/","issn":null,"language":"deu","license":"https://creativecommons.org/licenses/by/4.0/legalcode","prefix":"10.59350","relative_url":null,"secure":true,"slug":"fluchtforschung","status":"active","subfield":"3312","title":"Netzwerk Fluchtforschung","updated":1788322555,"use_api":null},"blog_name":"Netzwerk Fluchtforschung","blog_slug":"fluchtforschung","content_html":"<p><em>Die Reform des Gemeinsamen Europ\u00e4ischen Asylsystems (GEAS) verspricht besonderen Schutz f\u00fcr unbegleitete minderj\u00e4hrige Gefl\u00fcchtete. Gleichzeitig h\u00e4ngt dieser Schutz davon ab, ob Minderj\u00e4hrigkeit \u00fcberhaupt anerkannt wird. Der Beitrag zeigt am Beispiel Maltas, wie Altersfeststellungen \u00fcber den Zugang zu Schutzmechanismen entscheiden und argumentiert, dass diese Dynamik mit der Umsetzung der neuen GEAS-Grenzverfahren k\u00fcnftig weiter an Bedeutung gewinnen k\u00f6nnte.</em></p>\n<p>\u00a0</p>\n<p>Am 12. Juni 2026 begann die Anwendung der Reform des Gemeinsamen Europ\u00e4ischen Asylsystems (GEAS), die einen tiefgreifenden Umbau der europ\u00e4ischen Asylpolitik markiert. Neue Screening- und Grenzverfahren sollen <a href=\"https://www.europarl.europa.eu/topics/de/article/20170627STO78418/die-reform-des-gemeinsamen-europaischen-asylsystems\">Asylverfahren beschleunigen, Zust\u00e4ndigkeiten harmonisieren und R\u00fcckf\u00fchrungen effizienter gestalten</a>. Kommissionspr\u00e4sidentin Ursula von der Leyen sprach in diesem Zusammenhang von einem <a href=\"https://www.eeas.europa.eu/eeas/fresh-start-new-pact-migration-and-asylum_en\">\"fresh start\"</a>. Insbesondere die Ausweitung geschlossener Grenzverfahren und die M\u00f6glichkeit l\u00e4ngerfristiger Freiheitsbeschr\u00e4nkungen an den EU-Au\u00dfengrenzen haben im Kontext der Reform <a href=\"https://www.medico.de/system-der-entrechtung-20554\">erhebliche Kritik</a> seitens Nichtregierungsorganisationen hervorgerufen. Gleichzeitig sieht die Reform f\u00fcr unbegleitete minderj\u00e4hrige Gefl\u00fcchtete besondere Verfahrensgarantien vor. Neben bereits bestehenden kinderrechtlichen Grunds\u00e4tzen wie der Ber\u00fccksichtigung des Kindeswohls z\u00e4hlt dazu insbesondere die weitgehende Ausnahme unbegleiteter Minderj\u00e4hriger von den neuen Asylgrenzverfahren. Damit pr\u00e4sentiert sich das neue GEAS nicht nur als Instrument migrationspolitischer Steuerung, sondern zugleich als ein System, das Effizienz und menschenrechtliche Standards miteinander verbinden will.</p>\n<p>Ob diese Schutzgarantien in der Praxis tats\u00e4chlich greifen, h\u00e4ngt jedoch von einer zentralen Voraussetzung ab: Minderj\u00e4hrige m\u00fcssen zun\u00e4chst \u00fcberhaupt als solche anerkannt werden. Das ist im Flucht- und Migrationsbereich kein neuer Umstand.\u00a0 Mit der Einf\u00fchrung der neuen Grenzverfahren ver\u00e4ndert sich jedoch die Tragweite dieser Entscheidung erheblich. W\u00e4hrend viele Schutzsuchende k\u00fcnftig Verfahren innerhalb geschlossener oder haft\u00e4hnlicher Einrichtungen durchlaufen sollen, sind unbegleitete Minderj\u00e4hrige hiervon grunds\u00e4tzlich ausgenommen. Die Altersfeststellung ist dabei der entscheidende Faktor, ob Betroffene den neuen Grenzverfahren und den damit verbundenen Freiheitsbeschr\u00e4nkungen unterworfen werden. Damit r\u00fcckt sie ins Zentrum dieses Reformversprechens.</p>\n<p>\u00c4hnliche Dynamiken zeigen sich bereits seit einiger Zeit am Beispiel Maltas. Als Inselstaat an der s\u00fcdlichen EU-Au\u00dfengrenze verfolgt Malta seit Jahren ein Grenzregime, das der Logik der neuen GEAS-Grenzverfahren \u00e4hnlich ist. Freiheitsbeschr\u00e4nkungen bilden dabei den <a href=\"https://aditus.org.mt/detentiondotmt/\">Regelfall</a>, w\u00e4hrend Ausnahmen insbesondere f\u00fcr als vulnerabel eingestufte Personen vorgesehen sind. Ob Betroffene Zugang zu diesen Ausnahmen erhalten, h\u00e4ngt ma\u00dfgeblich von Verfahren zur Feststellung von Vulnerabilit\u00e4t ab \u2013 etwa von der Anerkennung als Minderj\u00e4hrige*r. Dabei zeigen sowohl Berichte von <a href=\"https://timesofmalta.com/article/ngo-aditus-condemns-malta-detention-child-migrants-a2.1113191\">NGOs</a> als auch Gerichtsentscheidungen des <a href=\"https://hudoc.echr.coe.int/fre#{%22itemid%22:[%22001-237438%22]}\">Europ\u00e4ischen Gerichtshofs f\u00fcr Menschenrechte (EGMR)</a> wiederholt, dass trotz dieser Schutzversprechen Minderj\u00e4hrige regelm\u00e4\u00dfig inhaftiert werden.</p>\n<p>Der vorliegende Beitrag st\u00fctzt sich auf die Ergebnisse einer qualitativen Studie, die zwischen November 2024 und Januar 2025 auf Malta durchgef\u00fchrt wurde. Dabei bilden insgesamt sieben qualitative Interviews mit Rechtsanw\u00e4lt*innen und Sozialarbeiter*innen aus zivilgesellschaftlichen und staatlichen Organisationen, die in Malta mit Altersfeststellungen sowie dem Schutz unbegleiteter Minderj\u00e4hriger befasst sind, die Grundlage der Forschung, die anhand der qualitativen Inhaltsanalyse ausgewertet wurde. Die Interviews erm\u00f6glichen Einblicke in die Rolle der Altersfeststellung innerhalb des maltesischen Grenz- und Detentionssystems und deren Auswirkungen auf den Zugang zu Schutzmechanismen. Ausgehend von diesen Befunden wird anschlie\u00dfend diskutiert, welche Herausforderungen sich daraus f\u00fcr die Umsetzung der GEAS-Reform ergeben.</p>\n<p><strong>\u00a0</strong></p>\n<h2>Altersfeststellung im maltesischen Grenzregime</h2>\n<p>Schutzsuchende, die in Malta ankommen, werden seit Jahren unmittelbar nach ihrer Ankunft unterschiedlichen Formen der Freiheitsbeschr\u00e4nkung unterworfen. Dabei erfolgt eine grundlegende Unterscheidung zwischen Personen, die als vulnerabel gelten, und solchen, die dieser Kategorie nicht zugeordnet werden. W\u00e4hrend Familien mit Kindern sowie Personen, die als vulnerabel eingestuft werden \u2013 etwa Minderj\u00e4hrige \u2013 in sogenannten Open Centers untergebracht werden, bleiben alleinreisende M\u00e4nner in der Regel in geschlossenen Haftzentren, sogenannten Detention-Centern. Diese Praxis wurde sowohl von den interviewten Fachkr\u00e4ften als auch in Berichten von <a href=\"https://aditus.org.mt/detentiondotmt/\">NGOs</a> und <a href=\"https://help.unhcr.org/malta/arriving-in-malta-by-sea/\">internationalen Organisationen</a> beschrieben.</p>\n<p>Bereits hier, direkt nach Ankunft, entscheidet die erste Altersfeststellung damit unmittelbar dar\u00fcber, ob unbegleitete Minderj\u00e4hrige inhaftiert werden. Nach Aussagen der interviewten Fachkr\u00e4fte werden Jugendliche, deren Minderj\u00e4hrigkeit nicht direkt als \"offensichtlich\" wahrgenommen wird, zun\u00e4chst wie Erwachsene behandelt und in geschlossenen Einrichtungen untergebracht. Diese Praxis wurde sowohl von NGO-Mitarbeitenden als auch von staatlichen Akteur*innen best\u00e4tigt. Damit weicht die beschriebene Praxis <a href=\"https://www.right-to-education.org/sites/right-to-education.org/files/resource-attachments/CMW_CRC_Joint_general_comment_3_2017_En.pdf\">von zentralen kinderrechtlichen Grunds\u00e4tzen</a> ab. Sowohl die \"<a href=\"https://strasbourgobservers.com/2022/10/04/age-assessment-and-the-presumption-of-minority-as-a-prerequisite-for-effective-human-rights-protection-of-asylum-seekers-a-discussion-of-darboe-and-camara-v-italy/\">presumption of minority</a>\" als auch der \"benefit of the doubt\" verlangen, dass Personen bei Zweifeln \u00fcber ihr Alter zun\u00e4chst als minderj\u00e4hrig behandelt werden, bis ihre Vollj\u00e4hrigkeit zweifelsfrei festgestellt wurde. Die in den Interviews und Berichten geschilderte Praxis deutet hingegen darauf hin, dass in Malta h\u00e4ufig zun\u00e4chst von einer Vollj\u00e4hrigkeit ausgegangen wird. Aus kinderrechtlicher Perspektive wird damit die grundlegende Schutzlogik dieser Prinzipien faktisch umgekehrt.</p>\n<p>Die Inhaftierung hat f\u00fcr die Betroffenen erhebliche Auswirkungen. Maltesische Detention-Center sind rigide Haftanstalten, in denen Schutzsuchende teilweise \u00fcber viele Monate unter stark restriktiven Bedingungen festgehalten werden. Sowohl die Interviewteilnehmer*innen als auch <a href=\"https://asylumineurope.org/reports/country/malta/detention-asylum-seekers/detention-conditions/conditions-detention-facilities/\">NGO-Berichte</a> beschreiben \u00fcberf\u00fcllte Zellen mit zahlreichen Personen auf engem Raum, eingeschr\u00e4nktem Zugang zu hygienischer Versorgung sowie dem Konfiszieren pers\u00f6nlicher Gegenst\u00e4nde wie Mobiltelefonen oder eigener Kleidung. Stattdessen werden Betroffene mit <a href=\"https://rm.coe.int/1680b6a535#page=41\">Einheitskleidung und Identifikationsnummern</a> versehen, was von Fachkr\u00e4ften als Verlust pers\u00f6nlicher Identit\u00e4t und Entindividualisierung eingeordnet wird. Zudem werden Minderj\u00e4hrige bei Transfers oder externen Terminen in Handschellen vorgef\u00fchrt. Generell sind die Zugangsm\u00f6glichkeiten f\u00fcr Anw\u00e4lt*innen stark eingeschr\u00e4nkt, w\u00e4hrend Sozialarbeiter*innen von NGOs \u00fcberhaupt keinen Zugang erhalten. Die einzige Kontaktm\u00f6glichkeit besteht \u00fcber ein Telefon, welches gerade nach Ankunft von neuen Schutzsuchenden <a href=\"https://timesofmalta.com/article/detention-centre-phones-often-off-blocking-migrants-lawyer.1123927\">teils bis zu zwei Wochen</a> blockiert werde. Die schlechten Bedingungen sowie die lange Unsicherheit \u00fcber den eigenen Status w\u00e4hrend laufender Verfahren f\u00fchren dabei teilweise zu erheblichen <a href=\"https://jrseurope.org/wp-content/uploads/sites/19/2020/07/JRS-Europe_Becoming-Vulnerable-In-Detention_June-2010_PUBLIC.pdf\">psychischen Belastungen und verst\u00e4rken bestehende Traumatisierungen</a>, wie <a href=\"https://link.springer.com/content/pdf/10.1186/s41018-019-0050-2.pdf\">Studien zeigen konnten</a>.</p>\n<p>Gleichzeitig verweisen insbesondere die Interviews mit nicht-staatlichen Akteur*innen auf erhebliche Zweifel hinsichtlich der Verl\u00e4sslichkeit der Altersfeststellungsverfahren selbst. Nach Aussagen mehrerer Befragter spielen subjektive Einsch\u00e4tzungen von Aussehen, Verhalten oder Auftreten der Betroffenen eine wichtige Rolle innerhalb des Verfahrens. Annahmen dar\u00fcber, wie sich Minderj\u00e4hrige \"typischerweise\" verhalten oder aussehen sollten, nehmen dabei ebenso Einfluss auf Entscheidungen wie westlich gepr\u00e4gte Vorstellungen \u00fcber Biografie, Familienstrukturen oder Geburtstage. Diese Ergebnisse korrespondieren mit <a href=\"https://www.sciencedirect.com/science/article/abs/pii/S0190740917308988\">Studien</a> aus anderen europ\u00e4ischen L\u00e4ndern, z.B. <a href=\"https://bristoluniversitypressdigital.com/view/journals/crsw/13/1/article-p95.xml\">Gro\u00dfbritannien</a>, <a href=\"https://onlinelibrary.wiley.com/doi/full/10.1111/chso.12415\">Norwegen</a> oder <a href=\"https://www.tandfonline.com/doi/full/10.1080/01419870.2024.2404483\">Deutschland</a>, die das Altersfeststellungsverfahren grunds\u00e4tzlich als subjektiv kritisieren. Hinzu kommt in Malta der Einsatz medizinischer Verfahren wie sogenannter Knochentests, obwohl deren geringe Aussagekraft seit Jahren <a href=\"https://academic.oup.com/ijrl/article-abstract/28/2/234/2223300\">wissenschaftlich belegt</a> ist.</p>\n<p>Im Falle einer Klassifizierung als vollj\u00e4hrig, besteht in Malta die M\u00f6glichkeit eines <a href=\"https://help.unhcr.org/malta/are-you-under-18/\">Widerspruchs innerhalb von drei Tagen</a>. Mehrere Interviewpartner*innen beschrieben allerdings, dass genau diese Widerspr\u00fcche der h\u00e4ufigste Grund f\u00fcr lange Detention-Aufenthalte von Minderj\u00e4hrigen seien, da sich diese Verfahren \u00fcber Monate hinziehen k\u00f6nnen. In dieser Zeit verbleiben die Betroffenen weiterhin in den geschlossenen Einrichtungen. Einzelne Fachkr\u00e4fte berichteten von F\u00e4llen, in denen Minderj\u00e4hrige erst nach acht Monaten offiziell als Kinder anerkannt wurden.</p>\n<p>Einen Hauptkritikpunkt am Altersfeststellungssystem sahen mehrere Teilnehmer*innen in der fehlenden institutionellen Unabh\u00e4ngigkeit innerhalb des Systems. Kritisch hervorgehoben wurde insbesondere die Rolle der <a href=\"https://awas.gov.mt/\">Agency for the Welfare of Asylum Seekers (AWAS)</a>, die sowohl Schutz- und Betreuungsfunktionen gegen\u00fcber unbegleiteten Minderj\u00e4hrigen \u00fcbernimmt als auch \u00fcber den Ausgang der Altersfeststellungsverfahren entscheidet. Mehrere Befragte beschrieben diese Doppelrolle als strukturellen Interessenkonflikt. Zudem verwiesen Interviews darauf, dass verschiedene staatliche Akteur*innen und Beh\u00f6rden innerhalb desselben institutionellen Gef\u00fcges eng miteinander verflochten sind, wodurch unabh\u00e4ngige Kontrolle und wirksame Beschwerdemechanismen zus\u00e4tzlich erschwert werden.</p>\n<p>Schlie\u00dflich deuten die Interviews darauf hin, dass die Altersfeststellung in Malta nicht ausschlie\u00dflich als administratives Verfahren wahrgenommen wird. Fachkr\u00e4fte beschrieben wiederholt rassistische und entw\u00fcrdigende Praktiken innerhalb der Haftzentren. So werde etwa im sogenannten \"Minderj\u00e4hrigenbereich\" gezielt Zeichentrickfilme f\u00fcr Kleinkinder im Fernsehen gezeigt, um Jugendliche, die angeben minderj\u00e4hrig zu sein, l\u00e4cherlich zu machen. Mehrere Befragte hatten den Eindruck, dass die Bedingungen gezielt abschreckend gestaltet w\u00fcrden und Minderj\u00e4hrigkeit nicht als Anlass f\u00fcr besonderen Schutz, sondern als potenzieller Versuch wahrgenommen werde, das System auszunutzen.</p>\n<p>\u00a0</p>\n<h2>Lehren aus Malta f\u00fcr das neue GEAS</h2>\n<p>Mit der neuen GEAS-Reform baut die EU die Nutzung beschleunigter Grenzverfahren innerhalb geschlossener beziehungsweise haft\u00e4hnlicher Einrichtungen erheblich aus. Schutzsuchende sollen k\u00fcnftig bereits unmittelbar nach ihrer Ankunft ein bis zu siebent\u00e4giges Screening-Verfahren durchlaufen, in dem Identit\u00e4t, Gesundheitszustand, Sicherheitsaspekte und potenzielle Vulnerabilit\u00e4ten festgestellt werden. Gleichzeitig findet dieses Verfahren weitgehend innerhalb geschlossener Strukturen statt, in denen der Zugang unabh\u00e4ngiger Akteur*innen erheblich eingeschr\u00e4nkt sein kann. Gerade unter solchen Bedingungen stellt sich die Frage, wie Schutzbedarfe \u00fcberhaupt verl\u00e4sslich identifiziert werden sollen.</p>\n<p>Im Anschluss sieht die Reform f\u00fcr einen Teil der Schutzsuchenden Asylverfahren an den EU-Au\u00dfengrenzen vor, bei denen sie w\u00e4hrenddessen rechtlich als \"nicht eingereist\" gelten. Die sogenannte \"<a href=\"https://verfassungsblog.de/kein-vor-und-kein-zuruck/\">Fiktion der Nichteinreise</a>\" erm\u00f6glicht es, diese Verfahren an den Au\u00dfengrenzen durchzuf\u00fchren, ohne dass die betroffenen Personen rechtlich als in das Hoheitsgebiet eingereist gelten. In der Praxis schafft sie damit die Voraussetzung f\u00fcr Freiheitsbeschr\u00e4nkungen, denn Grenzverfahren, die eine Fiktion der Nichteinreise voraussetzen, sind \"<a href=\"https://b-umf.de/src/wp-content/uploads/2025/07/gutachten-geas-hruschka-nestler-2025.pdf#page=36\">ohne Ma\u00dfnahmen mit freiheitsentziehendem Charakter nicht vorstellbar</a>\". Betroffen sind insbesondere Schutzsuchende aus Herkunftsstaaten mit niedrigen EU-weiten Anerkennungsquoten sowie Personen, denen eine Einreise \u00fcber sogenannte \"sichere Drittstaaten\" zugeschrieben wird.</p>\n<p>Zwar sieht die Reform vor, dass unbegleitete Minderj\u00e4hrige grunds\u00e4tzlich von den neuen Grenzverfahren ausgenommen bleiben. In der Praxis greift dieser Schutz jedoch nur dann, wenn Minderj\u00e4hrigkeit zuvor anerkannt wurde. Damit erh\u00e4lt die Altersfeststellung innerhalb des GEAS eine \u00e4hnliche Schl\u00fcsselfunktion wie bereits heute im maltesischen Grenzregime. Sie entscheidet dar\u00fcber, wer Zugang zu Schutzmechanismen erh\u00e4lt \u2013 und wer weiterhin den Logiken beschleunigter Grenzverfahren und Freiheitsbeschr\u00e4nkungen unterworfen bleibt.</p>\n<p>Hinzu kommt, dass die Reform zahlreiche Fragen hinsichtlich der konkreten Ausgestaltung der Altersfeststellung offenl\u00e4sst. Zwar betont das GEAS multidisziplin\u00e4re Verfahren sowie den \"benefit of the doubt\", zugleich fehlen jedoch klare Vorgaben dazu, wie Betroffene w\u00e4hrend laufender Verfahren untergebracht werden sollen, wie unabh\u00e4ngige Kontrolle gew\u00e4hrleistet werden kann oder welche Schutzmechanismen greifen, solange Minderj\u00e4hrigkeit noch nicht offiziell anerkannt wurde. Gerade die Erfahrungen aus Malta verdeutlichen jedoch, welche erheblichen Konsequenzen diese Phase der Unsicherheit f\u00fcr Betroffene haben kann.</p>\n<p>\u00a0</p>\n<h2>Vulnerabilit\u00e4t als Zugang zu Schutz</h2>\n<p>Die Erfahrungen aus Malta legen nahe, dass mit der Ausweitung beschleunigter Grenzverfahren jene Vulnerabilit\u00e4tskategorien an Bedeutung gewinnen, die besondere Schutzrechte vermitteln. Schutz wird dabei nicht von vornherein gew\u00e4hrt, sondern setzt zun\u00e4chst voraus, dass Personen administrativ als schutzbed\u00fcrftig anerkannt werden. Gerade der Altersfeststellung kommt dabei eine zentrale Bedeutung zu, da sie dar\u00fcber entscheidet, ob Betroffene Zugang zu Schutzmechanismen erhalten oder den Grenzverfahren und den damit verbundenen Freiheitsbeschr\u00e4nkungen unterworfen bleiben.</p>\n<p style=\"text-align: left;\">Diese Entwicklung kann eine paradoxe Dynamik hervorrufen. Je st\u00e4rker Schutzrechte an die Anerkennung spezifischer Vulnerabilit\u00e4ten gekn\u00fcpft werden, desto st\u00e4rker geraten diese Kategorien selbst unter Rechtfertigungs- und Verdachtsdruck. Altersfeststellungen dienen weniger der Feststellung objektiver Tatsachen als vielmehr der Entscheidung dar\u00fcber, <a href=\"https://journals.sagepub.com/doi/pdf/10.1177/20436106251319471?__cf_chl_f_tk=vO8EWM4.4ynpJJYNVvsA_RM4IcAkJN64W.spc_TyVcg-1783264059-1.0.1.1-Xi8UbkF841BUiL6i6ttVzsohToCL29hwT2yq6YSjiT4\">\"wer schutzw\u00fcrdig ist\" und wer als \"Betr\u00fcger\"</a> erscheint, der das System missbraucht. Die Erfahrungen aus Malta lassen sich vor diesem Hintergrund als Beispiel daf\u00fcr lesen, wie Vulnerabilit\u00e4t nicht nur zur Grundlage von Schutz, sondern zugleich zu einem Gegenstand migrationspolitischer Kontrolle werden kann.</p>\n<p>Mit der Umsetzung des neuen GEAS d\u00fcrfte die Bedeutung dieser Dynamik weiter zunehmen. Je gr\u00f6\u00dfer die rechtlichen Unterschiede zwischen denjenigen sind, die als schutzbed\u00fcrftig anerkannt werden, und denjenigen, die den Grenzverfahren unterworfen bleiben, desto folgenreicher werden die Verfahren, die \u00fcber diese Einordnung entscheiden. Damit stellt sich die grunds\u00e4tzliche Frage, inwieweit Schutzklauseln tats\u00e4chlich geeignet sind, die Ausweitung restriktiver Grenzverfahren menschenrechtlich abzusichern. Denn je st\u00e4rker Freiheitsbeschr\u00e4nkungen durch Ausnahmen f\u00fcr bestimmte Gruppen legitimiert werden, desto entscheidender wird, ob diese Gruppen auch tats\u00e4chlich zuverl\u00e4ssig identifiziert werden k\u00f6nnen. Andernfalls besteht die Gefahr, dass die vorgesehenen Ausnahmen f\u00fcr vulnerable Personen zur Legitimation eines restriktiven Grenzregimes beitragen, w\u00e4hrend der tats\u00e4chliche Zugang zu diesen Schutzrechten von vorgelagerten Verwaltungsentscheidungen abh\u00e4ngt.</p>\n<p>Der Beitrag <a href=\"https://fluchtforschung.net/altersfeststellung-als-zugangsschwelle-zu-schutz-lehren-aus-malta-fuer-das-neue-geas/\">Altersfeststellung als Zugangsschwelle zu Schutz: Lehren aus Malta f\u00fcr das neue GEAS</a> erschien zuerst auf <a href=\"https://fluchtforschung.net\">Netzwerk Fluchtforschung</a>.</p>","doi":"https://doi.org/10.59350/3fxks-51f10","guid":"https://fluchtforschung.net/?p=15937","language":"de","license":"https://creativecommons.org/licenses/by/4.0/legalcode","published_at":1788307200,"rid":"9cg2x-f8v76","summary":"Die Reform des Gemeinsamen Europ\u00e4ischen Asylsystems (GEAS) verspricht besonderen Schutz f\u00fcr unbegleitete minderj\u00e4hrige Gefl\u00fcchtete. Gleichzeitig h\u00e4ngt dieser Schutz davon ab, ob Minderj\u00e4hrigkeit \u00fcberhaupt anerkannt wird.","tags":["Deutsch","Forschung","EU-Au\u00dfengrenze","Gemeinsamen Europ\u00e4ischen Asylsystems (GEAS)","Unbegleitete Minderj\u00e4hrige Gefl\u00fcchtete"],"title":"Altersfeststellung als Zugangsschwelle zu Schutz: Lehren aus Malta f\u00fcr das neue GEAS","updated_at":1788323164,"url":"https://fluchtforschung.net/altersfeststellung-als-zugangsschwelle-zu-schutz-lehren-aus-malta-fuer-das-neue-geas/","version":"v1"},{"authors":[{"contributor_roles":[],"name":"Collectif"}],"blog":{"authors":null,"community_id":"310eb31b-74ce-47d8-9f4f-7ae4dae66b49","created":1708300800,"current_feed_url":null,"description":null,"doi":"https://doi.org/10.59350/zotero_fr","favicon":"https://rogue-scholar.org/api/communities/310eb31b-74ce-47d8-9f4f-7ae4dae66b49/logo","feed_format":"application/atom+xml","feed_url":"https://zotero.hypotheses.org/feed/atom/","filter":null,"generator":"WordPress","home_page_url":"https://zotero.hypotheses.org","issn":null,"language":"fra","license":"https://creativecommons.org/licenses/by/4.0/legalcode","prefix":"10.59350","relative_url":null,"secure":true,"slug":"zotero_fr","status":"active","subfield":"1710","title":"Le blog Zotero francophone","updated":1788191754,"use_api":true},"blog_name":"Le blog Zotero francophone","blog_slug":"zotero_fr","content_html":"<div id=\"attachment_1114\" class=\"wp-caption aligncenter\"\nstyle=\"width: 610px\">\n<p><a href=\"http://zotero.hypotheses.org/760/daniel_kulinski\"\nrel=\"attachment wp-att-1114\"><img\nsrc=\"http://zotero.hypotheses.org/files/2015/07/daniel_kulinski-1024x683.jpg\"\nclass=\"wp-image-1114\" aria-describedby=\"caption-attachment-1114\"\ndecoding=\"async\" loading=\"lazy\"\nsrcset=\"https://zotero.hypotheses.org/files/2015/07/daniel_kulinski-1024x683.jpg 1024w, https://zotero.hypotheses.org/files/2015/07/daniel_kulinski-300x200.jpg 300w, https://zotero.hypotheses.org/files/2015/07/daniel_kulinski-768x512.jpg 768w, https://zotero.hypotheses.org/files/2015/07/daniel_kulinski.jpg 2048w\"\nsizes=\"(max-width: 600px) 100vw, 600px\" width=\"600\" height=\"400\"\nalt=\"image_crayons\" /></a></p>\n<p>Auteur : Daniel Kulinski \u2013 CC-BY-NC-SA \u2013 Source : Flickr</p>\n</div>\n<p>Lorsque vous enregistrez des documents dans Zotero, toutes les\ninformations ne sont pas forc\u00e9ment bien format\u00e9es, et il est parfois\nn\u00e9cessaire de proc\u00e9der \u00e0 des corrections manuelles. Zotero permet\nd'effectuer tr\u00e8s facilement de petites retouches.</p>\n<p>Nous allons alors voir :</p>\n<ul>\n<li><a href=\"#astuce1\">comment inverser le nom et le pr\u00e9nom</a> ;</li>\n<li><a href=\"#astuce2\">comment appliquer \u00e0 une partie d'un champ des\ncaract\u00e9ristiques typographiques</a> telles que l'italique, pour un nom\nd'esp\u00e8ce mentionn\u00e9 dans un titre par exemple ;</li>\n<li><a href=\"#astuce3\">comment modifier la casse du titre</a>, du titre\nabr\u00e9g\u00e9 ou du titre de la publication ;</li>\n<li>et, en bonus, <a href=\"#bonus\">comment param\u00e9trer la casse du titre\ndans un style CSL</a>.</li>\n</ul>\n<h2 id=\"inverser-le-nom-et-le-pr\u00e9nom\"><span id=\"astuce1\"></span>Inverser\nle nom et le pr\u00e9nom</h2>\n<p><img\nsrc=\"http://zotero.hypotheses.org/files/2015/07/inversion-nom-pr\u00e9nom.png\"\nclass=\"aligncenter size-full wp-image-1060\" decoding=\"async\"\nloading=\"lazy\"\nsrcset=\"https://zotero.hypotheses.org/files/2015/07/inversion-nom-pr\u00e9nom.png 405w, https://zotero.hypotheses.org/files/2015/07/inversion-nom-pr\u00e9nom-300x233.png 300w\"\nsizes=\"(max-width: 405px) 100vw, 405px\" width=\"405\" height=\"315\"\nalt=\"Capture d&#39;\u00e9cran montrant l&#39;option \u00abInverser pr\u00e9nom/nom\u00bb\" /></p>\n<p>Les options d'inversion du nom/pr\u00e9nom et de modification de la casse\ndu titre s'affichent par un simple <strong>clic-droit (ctrl + clic\ngauche pour les utilisateurs de Mac)</strong> dans le contenu des champs\nconcern\u00e9s.</p>\n<p>Cette fonctionnalit\u00e9 est disponible pour tous les champs de type\nauteur (y compris Auteur du livre, \u00c9diteur, Traducteur, Compositeur,\netc).</p>\n<h2 id=\"modifier-la-typographie\"><span id=\"astuce2\"></span>Modifier la\ntypographie</h2>\n<p>La \u00ab\u00a0Bo\u00eete \u00e0 outils des historiens\u00a0\u00bb a pr\u00e9sent\u00e9 en 2011 <a\nhref=\"http://www.boiteaoutils.info/2011/12/petites-astuces-zotero-mise-en-forme/\">en\nd\u00e9tail et en images le recours aux balises HTML</a> pour appliquer des\nmodifications typographiques \u00e0 quelques mots d'un champ. Rappelons donc\nseulement les balises utilisables, qui ont d'ailleurs un peu chang\u00e9.</p>\n<ul>\n<li><code>&lt;i&gt;</code> et <code>&lt;/i&gt;</code> pour des\n<em>italiques</em></li>\n<li><code>&lt;b&gt;</code> et <code>&lt;/b&gt;</code> pour mettre en\n<strong>gras</strong></li>\n<li><code>&lt;sub&gt;</code> et <code>&lt;/sub&gt;</code> pour mettre en\n<sub>indice</sub></li>\n<li><code>&lt;sup&gt;</code> et <code>&lt;/sup&gt;</code> pour mettre en\n<sup>exposant</sup></li>\n<li><code>&lt;span style=\"font-variant:small-caps;\"&gt;</code> et\n<code>&lt;/span&gt;</code> pour mettre en petites majuscules</li>\n</ul>\n<p>Soulignons que ces modifications s'envisagent uniquement pour une\npartie d'un champ : c'est par exemple utile si le titre d'un article\ncite le titre d'un ouvrage, qui devrait donc figurer en italique. En\nrevanche, si vous souhaitez que l'ensemble du titre soit en italique,\nchoisissez un style bibliographique pr\u00e9voyant ce type de formatage, ou\ncr\u00e9ez-en un int\u00e9grant ce param\u00e8tre.</p>\n<h2 id=\"modifier-la-casse\"><span id=\"astuce3\"></span>Modifier la\ncasse</h2>\n<p>Dans un <a href=\"https://zotero.hypotheses.org/511\"\ntarget=\"_blank\">pr\u00e9c\u00e9dent billet du blog</a>, nous avons d\u00e9j\u00e0 pr\u00e9sent\u00e9\nl'existence d'une fonctionnalit\u00e9 permettant de corriger la casse des\nchamps de type titre, tels que \u00ab\u00a0Titre abr\u00e9g\u00e9\u00a0\u00bb, \u00ab\u00a0Titre du livre\u00a0\u00bb,\n\u00ab\u00a0Publication\u00a0\u00bb, etc. Cette fonctionnalit\u00e9 a comme utilit\u00e9 d'appliquer\nune r\u00e8gle de majuscules choisie.</p>\n<p><img\nsrc=\"http://zotero.hypotheses.org/files/2015/07/transformer_texte.png\"\nclass=\"aligncenter wp-image-1074 size-full\" decoding=\"async\"\nloading=\"lazy\"\nsrcset=\"https://zotero.hypotheses.org/files/2015/07/transformer_texte.png 728w, https://zotero.hypotheses.org/files/2015/07/transformer_texte-300x103.png 300w\"\nsizes=\"(max-width: 728px) 100vw, 728px\" width=\"728\" height=\"249\"\nalt=\"transformer_texte\" /></p>\n<p>Le menu affich\u00e9 au clic-droit (ctrl + clic gauche pour les\nutilisateurs de Mac) propose deux options :</p>\n<ul>\n<li>\u00ab Initiales En Majuscules \u00bb (ou <strong>mode titre</strong>), qui\ncorrespond <a\nhref=\"http://www.syllabus.ca/traduction-etc/majuscules-dans-les-titres-anglais/\"\ntarget=\"_blank\">aux r\u00e8gles anglo-saxonnes de titrage</a> ;</li>\n<li>\u00ab Lettre capitale en d\u00e9but de phrase \u00bb (ou <strong>mode\nphrase</strong>), qui correspond <a\nhref=\"https://fr.wikipedia.org/wiki/Usage_des_majuscules_en_fran%C3%A7ais#Titres_d.E2.80.99.C5.93uvres_ou_de_p.C3.A9riodiques\"\ntarget=\"_blank\">aux r\u00e8gles francophones de titrage</a>. Notez que si des\nnoms propres figurent dans ce champ, Zotero n'en tiendra pas compte au\nmoment du reformatage, il faudra donc ajuster \u00e0 la main pour r\u00e9tablir\nles capitales.</li>\n</ul>\n<h4\nid=\"pourquoi-corriger-un-titre-format\u00e9-exclusivement-en-lettres-capitales\">Pourquoi\ncorriger un titre format\u00e9 exclusivement en lettres capitales ?</h4>\n<p>Rappelons que Zotero est une <strong>base de donn\u00e9es</strong>, et\nqu'\u00e0 ce titre elle n'a pas vocation \u00e0 traiter la <strong>mise en\nforme</strong>, mais \u00e0 stocker du <strong>contenu</strong>. Ce contenu\npourra ensuite \u00eatre mis en forme gr\u00e2ce aux styles bibliographiques CSL.\nDans cette perspective, afin que la mise en forme automatique param\u00e9tr\u00e9e\npar le style bibliographique soit la plus homog\u00e8ne et syst\u00e9matique, on a\ntout int\u00e9r\u00eat \u00e0 stocker aussi un contenu le plus homog\u00e8ne possible. Le\nrisque est sinon de cr\u00e9er des exceptions dont le style ne tiendra pas\ncompte, ce qui engendrera des anomalies qu'il faudra corriger \u00e0 la\nmain.</p>\n<p>L'option \u00ab\u00a0Transformer le texte\u00a0\u00bb permet ainsi non seulement de\ncorriger des erreurs manifestes de typographie (lorsque le champ a \u00e9t\u00e9\nimport\u00e9 tout en capitales par exemple), mais aussi d'uniformiser le\nformatage d'un champ commun \u00e0 tous les enregistrements, en l'occurrence\ntout champ de type \u00ab\u00a0Titre\u00a0\u00bb.</p>\n<p>Cette option permet aussi d'offrir une solution de compromis aux\nutilisateurs qui souhaitent apporter des retouches ponctuelles \u00e0\ncertains titres de leur biblioth\u00e8que, sans pour autant modifier le\nparam\u00e9trage du style CSL utilis\u00e9 (voir le <em>Bonus</em> ci-dessous).\nC'est une mani\u00e8re d'introduire un peu de mise en forme dans les\ninformations contenues dans la base.</p>\n<h4 id=\"quelle-option-choisir-en-d\u00e9finitive\">Quelle option choisir en\nd\u00e9finitive ?</h4>\n<p>Tout comme les consignes des \u00e9diteurs, les conventions typographiques\n(qui d\u00e9pendent en grande partie de diff\u00e9rentes cultures linguistiques)\nsont tr\u00e8s diverses. Pour cette raison, dans la plupart des cas, les\nstyles CSL ne s'occupent pas de mettre en forme la casse des titres, de\nfa\u00e7on \u00e0 laisser \u00e0 chacun la possibilit\u00e9 d'indiquer sa pr\u00e9f\u00e9rence au cas\npar cas lors de l'enregistrement de chacune des r\u00e9f\u00e9rences.</p>\n<p>Donc, \u00e0 moins que vous n'envisagiez de modifier ce fonctionnement\npour un des styles que vous utilisez (voir le <em>Bonus</em>\nci-dessous), la solution la plus simple consiste \u00e0 placer les capitales\ndu titre selon votre convenance. De cette mani\u00e8re, vous serez s\u00fbr de les\nvoir appara\u00eetre tels quels dans vos bibliographies. Concr\u00e8tement, en\nfran\u00e7ais, le <strong>mode phrase</strong> s'av\u00e9rera dans la quasi\ntotalit\u00e9 des cas le meilleur choix, \u00e9ventuellement corrig\u00e9 \u00e0 la main\npour les noms propres, et ponctuellement combin\u00e9 avec le <strong>mode\ntitre</strong> pour les r\u00e9f\u00e9rences anglophones.</p>\n<h2 id=\"bonus-param\u00e9trer-la-casse-du-titre-dans-un-style-csl\"><span\nid=\"bonus\"></span>Bonus : param\u00e9trer la casse du titre dans un style\nCSL</h2>\n<p>Il est aussi possible d'utiliser les styles CSL pour prendre en\ncharge la casse du titre. Nous abordons l\u00e0 un domaine, la modification\ndes styles CSL, qui peut \u00eatre \u00e9tranger \u00e0 certains d'entre vous et vous\nsembler, sinon \u00e9sot\u00e9rique, du moins trop informatique pour vous. Or il\nn'est nul besoin de comp\u00e9tences informatiques particuli\u00e8res pour\nmodifier et cr\u00e9er des styles CSL, mais d'un peu de temps et de patience\npour se familiariser avec le langage CSL, bas\u00e9 sur XML. Des ressources\nen ligne peuvent vous aider \u00e0 d\u00e9buter :</p>\n<ul>\n<li>Page \u00ab\u00a0<a\nhref=\"https://www.zotero.org/support/fr/dev/citation_styles/style_editing_step-by-step\">Modifier\nles styles CSL \u2013 Guide pas-\u00e0-pas</a>\u00a0\u00bb sur le site Zotero,</li>\n<li>Biblioguide \u00ab\u00a0<a\nhref=\"http://paris-sorbonne.libguides.com/zotero_styles\">Zotero++ :\ncr\u00e9er un style bibliographique personnalis\u00e9</a>\u00a0\u00bb par Fr\u00e9d\u00e9rique\nFlamerie.</li>\n</ul>\n<p>Si vous d\u00e9butez, utiliser l'\u00e9diteur de styles int\u00e9gr\u00e9 \u00e0 Zotero\nlimitera les mauvaises manipulations qui peuvent rendre un style\ninutilisable ou incoh\u00e9rent (balise mal ferm\u00e9e ou incompatibilit\u00e9\nd'instruction par exemple).</p>\n<p>Si vous choisissez d'assurer la gestion de la casse des titres gr\u00e2ce\nau param\u00e9trage de vos styles CSL, la r\u00e9ponse \u00e0 la question \"Quelle\noption choisir en d\u00e9finitive?\" change alors. Il convient dans ce cas de\n:</p>\n<ul>\n<li>stocker tous les titres en <strong>mode phrase</strong>,</li>\n<li>veiller \u00e0 ce que le champ \u00ab\u00a0Langue\u00a0\u00bb de chaque r\u00e9f\u00e9rence comporte\nbien le <strong>code de langue</strong> ad\u00e9quat.</li>\n</ul>\n<p>Rentrons dans le vif du sujet. Un param\u00e8tre du style bibliographique\nCSL, l'attribut <code>text-case</code> avec pour valeur\n<code>title</code>, permet d'appliquer le <strong>mode titre</strong>\nlors de la r\u00e9daction. Et il s'av\u00e8re bien plus simple de fonctionner dans\nce sens, <em>i. e.</em> stockage en <strong>mode phrase</strong> et\nr\u00e9daction en <strong>mode titre</strong> si n\u00e9cessaire, que dans\nl'autre. Dans l'autre sens vous perdrez en effet, lorsque vous r\u00e9digerez\nen <strong>mode phrase</strong>, les majuscules \u00e0 l'initiale des noms\npropres. L'attribut <code>text-case</code> valeur <code>sentence</code>\nremplacera en effet toutes les majuscules initiales par des minuscules,\ny compris celles des noms propres.</p>\n<p>Nous avons traduit ici approximativement les recommandations de la <a\nhref=\"http://docs.citationstyles.org/en/stable/specification.html#sentence-case-conversion\">sp\u00e9cification\nCSL\u00a0</a>:</p>\n<p><em>CSL processors don't recognize proper nouns. As a result, strings\nin sentence case can be accurately converted to title case, but not vice\nversa. For this reason, it is generally preferable to store strings such\nas titles in sentence case, and only use</em> <em>text-case</em> <em>if\na style desires another case.</em></p>\n<p>Soulignons que la conversion ne prend en compte que les cha\u00eenes de\ncaract\u00e8re en anglais et ignore les mots vides tels que \u00ab\u00a0and\u00a0\u00bb, \u00ab\u00a0the\u00a0\u00bb,\netc. Comment Zotero identifie-t-il les cha\u00eenes de caract\u00e8re comme en\nanglais et donc \u00e0 convertir\u00a0? Sont consid\u00e9r\u00e9s comme en anglais tous les\nmots d'une r\u00e9f\u00e9rence bibliographique\u00a0:</p>\n<ul>\n<li>lorsque le style CSL est configur\u00e9 sur un code de langue commen\u00e7ant\npar \u00ab\u00a0en\u00a0\u00bb et qu'aucune langue n'est sp\u00e9cifi\u00e9e pour le document (champ\n\u00ab\u00a0Langue\u00a0\u00bb de la notice Zotero), comme dans l'exemple 1 ci-dessous\n,</li>\n<li>et/ou lorsque la langue du document est l'anglais, <em>i.\u00a0 e.</em>\nle code de langue commence par \u00ab\u00a0en\u00a0\u00bb (champ \u00ab\u00a0Langue\u00a0\u00bb de la notice\nZotero), comme dans l'exemple 2 ci-dessous.</li>\n</ul>\n<table class=\"aligncenter\" style=\"width: 600px\" data-border=\"0\">\n<colgroup>\n<col style=\"width: 50%\" />\n<col style=\"width: 50%\" />\n</colgroup>\n<tbody>\n<tr class=\"odd\" style=\"height: 293.367px\">\n<td style=\"width: 310.5px; height: 293.367px\"><div id=\"attachment_1075\"\nclass=\"wp-caption aligncenter\" style=\"width: 310px\">\n<a href=\"http://zotero.hypotheses.org/files/2015/07/titre_cell.png\"\ntarget=\"_blank\" rel=\"attachment wp-att-1075\"><img\nsrc=\"http://zotero.hypotheses.org/files/2015/07/titre_cell-300x199.png\"\nclass=\"wp-image-1075 size-medium\"\naria-describedby=\"caption-attachment-1075\" decoding=\"async\"\nloading=\"lazy\"\nsrcset=\"https://zotero.hypotheses.org/files/2015/07/titre_cell-300x199.png 300w, https://zotero.hypotheses.org/files/2015/07/titre_cell-768x509.png 768w, https://zotero.hypotheses.org/files/2015/07/titre_cell-1024x679.png 1024w, https://zotero.hypotheses.org/files/2015/07/titre_cell.png 1461w\"\nsizes=\"(max-width: 300px) 100vw, 300px\" width=\"300\" height=\"199\"\nalt=\"titre_cell\" /></a>\n<p>Exemple 1 : style localis\u00e9 avec un code de langue en anglais,\nattribut text-case= \"title\", pas de code de langue dans la notice\nZotero</p>\n</div></td>\n<td style=\"width: 308.5px; height: 293.367px\"><div id=\"attachment_1077\"\nclass=\"wp-caption aligncenter\" style=\"width: 310px\">\n<a href=\"http://zotero.hypotheses.org/files/2015/07/titre_mla.png\"\nrel=\"attachment wp-att-1077\"><img\nsrc=\"http://zotero.hypotheses.org/files/2015/07/titre_mla-300x177.png\"\nclass=\"wp-image-1077 size-medium\"\naria-describedby=\"caption-attachment-1077\" decoding=\"async\"\nloading=\"lazy\"\nsrcset=\"https://zotero.hypotheses.org/files/2015/07/titre_mla-300x177.png 300w, https://zotero.hypotheses.org/files/2015/07/titre_mla-768x453.png 768w, https://zotero.hypotheses.org/files/2015/07/titre_mla-1024x605.png 1024w, https://zotero.hypotheses.org/files/2015/07/titre_mla.png 1626w\"\nsizes=\"(max-width: 300px) 100vw, 300px\" width=\"300\" height=\"177\"\nalt=\"exemple 2\" /></a>\n<p>Exemple 2 : style non localis\u00e9 avec un code de langue, attribut\ntext-case= \"title\", code de langue dans la notice Zotero</p>\n</div></td>\n</tr>\n</tbody>\n</table>\n\n<p>Ajoutons que l'attribut <code>text-case</code> n'a pas pour seules\nvaleurs possibles <code>title</code> et <code>sentence</code>. Il peut\n\u00e9galement \u00eatre qualifi\u00e9 par les valeurs suivantes.</p>\n<ul>\n<li><code>lowercase</code> : restitue le texte en lettres de\nbas-de-casse.</li>\n<li><code>uppercase</code> : restitue le texte en lettres\ncapitales.</li>\n<li><code>capitalize-first</code> : le premier caract\u00e8re du premier mot\nest restitu\u00e9 par une lettre capitale si le mot est en bas-de-casse ; les\nautres lettres capitales pr\u00e9sentes dans le titre sont conserv\u00e9es.\nL'attribut <code>text-case=\"sentence\"</code> supprime ces capitales pour\nne conserver que celle initiale.</li>\n<li><code>capitalize-all</code> : les initiales de tous les mots sont\nrestitu\u00e9es en lettres capitales, y compris celles des mots vides, \u00e0 la\ndiff\u00e9rence de l'attribut <code>text-case=\"title\"</code> qui ignore les\nmots vides.</li>\n</ul>\n<p>Mais la modification d'un style bibliographique est un autre sujet,\ndans lequel nous avons fait une br\u00e8ve incursion avec l'attribut\n<code>text-case</code>, et que nous aurons s\u00fbrement l'occasion d'\u00e9voquer\nprochainement. Quelles sont vos attentes en la mati\u00e8re\u00a0? Sur quels\npoints souhaitez-vous des \u00e9clairages ou des conseils\u00a0?</p>\n<p>\u00a0</p>","doi":"https://doi.org/10.59350/6cwc1-tyy80","guid":"http://zotero.hypotheses.org/?p=760","image":"https://zotero.hypotheses.org/files/2015/07/daniel_kulinski.jpg","language":"fr","license":"https://creativecommons.org/licenses/by/4.0/legalcode","published_at":1473206400,"rid":"jmxv7-w9e29","summary":"Auteur : Daniel Kulinski \u2013 CC-BY-NC-SA \u2013 Source : Flickr Lorsque vous enregistrez des documents dans Zotero, toutes les informations ne sont pas forc\u00e9ment bien format\u00e9es, et il est parfois n\u00e9cessaire de proc\u00e9der \u00e0 des corrections manuelles. Zotero permet d'effectuer tr\u00e8s facilement de petites retouches.","tags":["Styles Et CSL","Trucs Et Astuces"],"title":"Nettoyer les r\u00e9f\u00e9rences collect\u00e9es, quelques astuces","updated_at":1788321246,"url":"https://zotero.hypotheses.org/760","version":"v1"},{"authors":[{"contributor_roles":[],"name":"Collectif"}],"blog":{"authors":null,"community_id":"310eb31b-74ce-47d8-9f4f-7ae4dae66b49","created":1708300800,"current_feed_url":null,"description":null,"doi":"https://doi.org/10.59350/zotero_fr","favicon":"https://rogue-scholar.org/api/communities/310eb31b-74ce-47d8-9f4f-7ae4dae66b49/logo","feed_format":"application/atom+xml","feed_url":"https://zotero.hypotheses.org/feed/atom/","filter":null,"generator":"WordPress","home_page_url":"https://zotero.hypotheses.org","issn":null,"language":"fra","license":"https://creativecommons.org/licenses/by/4.0/legalcode","prefix":"10.59350","relative_url":null,"secure":true,"slug":"zotero_fr","status":"active","subfield":"1710","title":"Le blog Zotero francophone","updated":1788191754,"use_api":true},"blog_name":"Le blog Zotero francophone","blog_slug":"zotero_fr","doi":"https://doi.org/10.59350/a27a2-9eb81","guid":"http://zotero.hypotheses.org/?p=1176","image":"https://zotero.hypotheses.org/files/2016/10/alexandra_guerson_by_nc_nd.jpg","language":"fr","license":"https://creativecommons.org/licenses/by/4.0/legalcode","published_at":1477094400,"rid":"b4jg7-w0f47","tags":["Actualit\u00e9s","Formation"],"title":"Atelier Zotero le 29/10 \u00e0 Paris","updated_at":1788321242,"url":"https://zotero.hypotheses.org/1176","version":"v1"},{"authors":[{"contributor_roles":[],"name":"Collectif"}],"blog":{"authors":null,"community_id":"310eb31b-74ce-47d8-9f4f-7ae4dae66b49","created":1708300800,"current_feed_url":null,"description":null,"doi":"https://doi.org/10.59350/zotero_fr","favicon":"https://rogue-scholar.org/api/communities/310eb31b-74ce-47d8-9f4f-7ae4dae66b49/logo","feed_format":"application/atom+xml","feed_url":"https://zotero.hypotheses.org/feed/atom/","filter":null,"generator":"WordPress","home_page_url":"https://zotero.hypotheses.org","issn":null,"language":"fra","license":"https://creativecommons.org/licenses/by/4.0/legalcode","prefix":"10.59350","relative_url":null,"secure":true,"slug":"zotero_fr","status":"active","subfield":"1710","title":"Le blog Zotero francophone","updated":1788191754,"use_api":true},"blog_name":"Le blog Zotero francophone","blog_slug":"zotero_fr","content_html":"<hr />\n<p><em><em><strong>Mise \u00e0 jour du 2022-10-10</strong></em> :</em>\n<em>Six ans presque jour pour jour apr\u00e8s la publication de ce billet,\nnous fermons les commentaires. Ce billet indique en effet comment\ntrouver de l'aide :</em></p>\n<ul>\n<li><em><strong>dans la documentation officielle</strong>, nouvellement\ndisponible en fran\u00e7ais sur un site d\u00e9di\u00e9 (voir notamment la page <a\nhref=\"https://docs.zotero-fr.org/getting_help/\" target=\"_blank\"\nrel=\"noreferrer nofollow noopener\">Obtenir de l'aide</a>),</em></li>\n<li><em>en consultant ou en postant un message (m\u00eame en fran\u00e7ais) sur le\n<strong><a href=\"https://forums.zotero.org/\" target=\"_blank\"\nrel=\"noreferrer nofollow noopener\">forum Zotero</a></strong>,</em></li>\n<li><em>en faisant appel \u00e0 <strong>votre biblioth\u00e8que ou centre de\ndocumentation</strong>.</em></li>\n</ul>\n<p><em>Des lecteurs du billet, probablement arriv\u00e9s suite \u00e0 une\nrecherche d'aide sur un moteur de recherche, posant souvent des\nquestions pr\u00e9cises dans les commentaires, nous fermons ces derniers. Le\nforum Zotero, contrairement aux commentaires de ce blog, permet la\nconstruction d'une base commune de connaissances.</em></p>\n<p><em><strong>Mise \u00e0 jour du 2020-06-20</strong></em> : <em>la\ntraduction fran\u00e7aise de la page \"<a\nhref=\"https://www.zotero.org/support/fr/getting_help\" target=\"_blank\"\nrel=\"noopener noreferrer\">Obtenir de l'aide</a>\" de la documentation\nZotero a \u00e9t\u00e9 mise \u00e0 jour en mars 2020. Nous vous recommandons fortement\nd'en suivre les \u00e9tapes pour trouver une solution si vous avez une\nquestion.</em></p>\n<p><em><strong>Mise \u00e0 jour du 2018-09-26</strong> : nous vous\nrecommandons de lire \u00e0 la suite de ce billet la page\u00a0<a\nhref=\"https://www.zotero.org/support/fr/zotero_support\">Comment\nfonctionne le support Zotero</a></em></p>\n<hr />\n<div id=\"attachment_1211\" class=\"wp-caption aligncenter\"\nstyle=\"width: 650px\">\n<p><a\nhref=\"http://zotero.hypotheses.org/files/2016/11/dennis_skley_by_nd.jpg\"><img\nsrc=\"http://zotero.hypotheses.org/files/2016/11/dennis_skley_by_nd.jpg\"\nclass=\"size-full wp-image-1211\"\naria-describedby=\"caption-attachment-1211\" decoding=\"async\"\nloading=\"lazy\"\nsrcset=\"https://zotero.hypotheses.org/files/2016/11/dennis_skley_by_nd.jpg 640w, https://zotero.hypotheses.org/files/2016/11/dennis_skley_by_nd-300x169.jpg 300w\"\nsizes=\"(max-width: 640px) 100vw, 640px\" width=\"640\" height=\"360\"\nalt=\"Auteur : Dennis Skley - CC-BY-ND - Source : Flickr\" /></a></p>\n<p>Auteur : Dennis Skley \u2013 CC-BY-ND \u2013 Source : Flickr</p>\n</div>\n<p>Que l'on soit un utilisateur d\u00e9butant ou averti de Zotero, il nous\narrive tous \u00e0 un moment ou \u00e0 un autre de ne pas trouver de r\u00e9ponse \u00e0 une\nquestion li\u00e9e \u00e0 l'utilisation du logiciel. Nous vous proposons ici\nquelques pistes pour trouver l'aide la plus adapt\u00e9e.</p>\n<h3\nid=\"d\u00e9marche-n-1-consulter-la-documentation-officielle-de-zotero\">D\u00e9marche\nn\u00b0 1\u00a0: consulter la documentation officielle de Zotero</h3>\n<p>Le site officiel Zotero propose une abondante documentation qui\ndevrait r\u00e9pondre \u00e0 la plupart de vos questions si vous d\u00e9butez. La\nmajeure partie de la documentation est <strong>disponible <a\nhref=\"https://www.zotero.org/support/fr/start\">en fran\u00e7ais</a></strong>.\nEt il y a fort \u00e0 parier que m\u00eame si vous \u00eates un utilisateur averti vous\nne connaissez pas tous les trucs et astuces d\u00e9taill\u00e9s sur la page \"<a\nhref=\"https://www.zotero.org/support/tips_and_tricks\">Tips and\ntricks</a>\".</p>\n<p>Dans le menu de Zotero, cliquer sur <em>Assistance et\ndocumentation</em> vous am\u00e8ne sur la page d'accueil de cette\ndocumentation.</p>\n<div id=\"attachment_1198\" class=\"wp-caption aligncenter\"\nstyle=\"width: 254px\">\n<p><a\nhref=\"http://zotero.hypotheses.org/files/2016/11/Zotero_AssistanceetDocumentation.jpg\"><img\nsrc=\"http://zotero.hypotheses.org/files/2016/11/Zotero_AssistanceetDocumentation.jpg\"\nclass=\"wp-image-1198 size-full\"\naria-describedby=\"caption-attachment-1198\" decoding=\"async\"\nloading=\"lazy\"\nsrcset=\"https://zotero.hypotheses.org/files/2016/11/Zotero_AssistanceetDocumentation.jpg 244w, https://zotero.hypotheses.org/files/2016/11/Zotero_AssistanceetDocumentation-233x300.jpg 233w\"\nsizes=\"(max-width: 244px) 100vw, 244px\" width=\"244\" height=\"314\"\nalt=\"Passer par le menu de Zotero renvoie sur zotero.org/support\" /></a></p>\n<p>Passer par le menu de Zotero renvoie sur zotero.org/support</p>\n</div>\n<h3 id=\"d\u00e9marche-n-2-consulter-le-forum-zotero\">D\u00e9marche n\u00b0 2\u00a0:\nconsulter le forum Zotero</h3>\n<p>Il est rare que l'on soit le premier \u00e0 \u00eatre confront\u00e9 \u00e0 la difficult\u00e9\nqui nous bloque ou \u00e0 l'interrogation qui nous est venue, qu'il s'agisse\nd'un param\u00e9trage pour l'enregistrement des PDF (comment enregistrer\ntoujours les PDF haute r\u00e9solution sur la plateforme de l'ACS\u00a0?) ou d'un\nstyle bibliographique (comment mentionner le titre d'un num\u00e9ro sp\u00e9cial\ndans la r\u00e9f\u00e9rence d'un article\u00a0?). Le <a\nhref=\"https://forums.zotero.org/\">forum Zotero</a> permet de r\u00e9unir\nl'ensemble des discussions des utilisateurs, de retrouver les questions\npos\u00e9es et les r\u00e9ponses qu'ont pu sugg\u00e9rer les utilisateurs et\nd\u00e9veloppeurs de Zotero. Si vous ne trouvez pas de fil de discussion pour\nle sujet qui vous occupe, cr\u00e9ez-en un\u00a0: cela permet d'alimenter la base\nde connaissance qu'est le forum, de partager votre question et de lui\nvoir peut-\u00eatre apporter une r\u00e9ponse. Si la majorit\u00e9 des discussions sont\nen anglais, n'h\u00e9sitez pas toutefois \u00e0 cr\u00e9er un fil en fran\u00e7ais\u00a0:\ncertains animateurs du forum comme <a\nhref=\"https://forums.zotero.org/profile/2433/adamsmith\">adamsmith</a>\ncomprennent le fran\u00e7ais, et des contributeurs francophones pourront\n\u00e9galement vous r\u00e9pondre.</p>\n<p>Enfin, bien souvent, si des bugs vous semblent appara\u00eetre suite \u00e0 une\nmise \u00e0 jour de votre syst\u00e8me ou de Zotero, vous n'\u00eates sans doute pas\nseul : ce \"sujet chaud\" est rapidement mis en exergue par les\nadministrateurs du forum.<br />\nC'est aussi l'occasion de suivre les d\u00e9bats autour du d\u00e9veloppement de\nZotero.</p>\n<div id=\"attachment_1199\" class=\"wp-caption aligncenter\"\nstyle=\"width: 516px\">\n<p><a\nhref=\"http://zotero.hypotheses.org/files/2016/11/Zotero_forum-annoncements.png\"><img\nsrc=\"http://zotero.hypotheses.org/files/2016/11/Zotero_forum-annoncements.png\"\nclass=\"wp-image-1199 size-full\"\naria-describedby=\"caption-attachment-1199\" decoding=\"async\"\nloading=\"lazy\"\nsrcset=\"https://zotero.hypotheses.org/files/2016/11/Zotero_forum-annoncements.png 506w, https://zotero.hypotheses.org/files/2016/11/Zotero_forum-annoncements-300x144.png 300w\"\nsizes=\"(max-width: 506px) 100vw, 506px\" width=\"506\" height=\"243\"\nalt=\"zotero_forum-annoncements\" /></a></p>\n<p>Les administrateurs du forum mettent en avant les sujets chauds, les\nbugs, tr\u00e8s discut\u00e9s</p>\n</div>\n<p>Les utilisateurs de lecteurs de <a\nhref=\"https://fr.wikipedia.org/wiki/RSS\">flux rss</a> pourront s'abonner\nau <a href=\"http://forums.zotero.org/comments/feed.rss\">flux des\nderniers commentaires</a> afin de suivre d'un seul coup d'\u0153il les\nderni\u00e8res discussions.</p>\n<h3 id=\"d\u00e9marche-n-3-rencontrer-quelquun\">D\u00e9marche n\u00b0 3\u00a0: rencontrer\nquelqu'un</h3>\n<p>Les forums et la documentation peuvent apporter des r\u00e9ponses, mais\ndans certains cas on pr\u00e9f\u00e8re \u00e9changer de vive voix avec des utilisateurs\navertis, et pouvoir obtenir des conseils et une aide personnalis\u00e9s. Si\nvous \u00eates rattach\u00e9 \u00e0 une universit\u00e9, une \u00e9cole ou un organisme de\nrecherche, contactez votre biblioth\u00e8que ou votre centre de\ndocumentation, vous trouverez s\u00fbrement un coll\u00e8gue pour vous orienter et\nvous renseigner. Certaines biblioth\u00e8ques universitaires proposent aussi,\nen plus des traditionnelles formations, des services d'aide \u00e0 Zotero (<a\nhref=\"http://library.epfl.ch/doctor-zotero\">Docteur Zotero</a> \u00e0 l'EPFL,\n<a href=\"https://bu.univ-lorraine.fr/formations/sos-zotero-0\">SOS\nZotero</a> \u00e0 Nancy). Des biblioth\u00e9caires d'autre type de biblioth\u00e8que\n(biblioth\u00e8ques municipales par exemple) peuvent peut-\u00eatre aussi vous\naider\u00a0: n'h\u00e9sitez pas \u00e0 les solliciter.</p>\n<p>Il peut \u00eatre utile \u00e9galement de consulter r\u00e9guli\u00e8rement l'offre du\nr\u00e9seau des Urfist (Unit\u00e9 r\u00e9gionale de formation \u00e0 l'information\nscientifique et technique) qui proposent r\u00e9guli\u00e8rement des <a\nhref=\"https://sygefor.reseau-urfist.fr/#!/training\">formations</a>\nZotero \u00e0 destination des publics acad\u00e9miques.</p>\n<p>En bref la communaut\u00e9 Zotero, en ligne sur le forum, en r\u00e9alit\u00e9 dans\nvos biblioth\u00e8ques notamment, est l\u00e0 pour vous aider\u00a0!</p>","doi":"https://doi.org/10.59350/fw4bt-6j813","guid":"http://zotero.hypotheses.org/?p=1192","image":"https://zotero.hypotheses.org/files/2016/11/dennis_skley_by_nd.jpg","language":"fr","license":"https://creativecommons.org/licenses/by/4.0/legalcode","published_at":1479859200,"rid":"bq0m6-v8k30","summary":"<em> <em> <strong> Mise \u00e0 jour du 2022-10-10 </strong> </em> : </em> <em> Six ans presque jour pour jour apr\u00e8s la publication de ce billet, nous fermons les commentaires. </em>","tags":["Actualit\u00e9s","Trucs Et Astuces"],"title":"Besoin d'aide ?","updated_at":1788321241,"url":"https://zotero.hypotheses.org/1192","version":"v1"},{"authors":[{"contributor_roles":[],"family":"Flamerie","given":"Fr\u00e9d\u00e9rique"}],"blog":{"authors":null,"community_id":"310eb31b-74ce-47d8-9f4f-7ae4dae66b49","created":1708300800,"current_feed_url":null,"description":null,"doi":"https://doi.org/10.59350/zotero_fr","favicon":"https://rogue-scholar.org/api/communities/310eb31b-74ce-47d8-9f4f-7ae4dae66b49/logo","feed_format":"application/atom+xml","feed_url":"https://zotero.hypotheses.org/feed/atom/","filter":null,"generator":"WordPress","home_page_url":"https://zotero.hypotheses.org","issn":null,"language":"fra","license":"https://creativecommons.org/licenses/by/4.0/legalcode","prefix":"10.59350","relative_url":null,"secure":true,"slug":"zotero_fr","status":"active","subfield":"1710","title":"Le blog Zotero francophone","updated":1788191754,"use_api":true},"blog_name":"Le blog Zotero francophone","blog_slug":"zotero_fr","content_html":"<div id=\"attachment_1238\" class=\"wp-caption aligncenter\"\nstyle=\"width: 410px\">\n<p><a\nhref=\"http://zotero.hypotheses.org/files/2017/02/leo_reynolds5.jpg\"><img\nsrc=\"http://zotero.hypotheses.org/files/2017/02/leo_reynolds5-300x300.jpg\"\nclass=\"wp-image-1238\" aria-describedby=\"caption-attachment-1238\"\ndecoding=\"async\" loading=\"lazy\"\nsrcset=\"https://zotero.hypotheses.org/files/2017/02/leo_reynolds5-300x300.jpg 300w, https://zotero.hypotheses.org/files/2017/02/leo_reynolds5-150x150.jpg 150w, https://zotero.hypotheses.org/files/2017/02/leo_reynolds5-768x768.jpg 768w, https://zotero.hypotheses.org/files/2017/02/leo_reynolds5-160x160.jpg 160w, https://zotero.hypotheses.org/files/2017/02/leo_reynolds5-320x320.jpg 320w, https://zotero.hypotheses.org/files/2017/02/leo_reynolds5.jpg 1024w\"\nsizes=\"(max-width: 400px) 100vw, 400px\" width=\"400\" height=\"400\"\nalt=\"image_5\" /></a></p>\n<p>Auteur : Leo Reynolds \u2013 CC-BY-SA \u2013 Source : Flickr</p>\n</div>\n<p>Il est grand temps d'\u00e9voquer la nouvelle version de Zotero,\n<strong>la version 5</strong>, dont certains d'entre vous ont s\u00fbrement\n<a\nhref=\"https://forums.zotero.org/discussion/comment/267549/#Comment_267549\">install\u00e9</a>\net test\u00e9 la version <em>beta</em>. L'une des principales nouveaut\u00e9s de\ncette mise \u00e0 jour majeure est de rendre obsol\u00e8te la cat\u00e9gorie\n\"Standalone\" de nos billets : Zotero sera d\u00e9sormais une\n<strong>application distincte</strong>, quel que soit le navigateur\nutilis\u00e9. Sans rentrer dans les d\u00e9tails techniques, mentionnons que ce\nchangement est rendu n\u00e9cessaire par l'\u00e9volution de Firefox, qui ne\nd\u00e9veloppe plus les \u00e9l\u00e9ments sur lesquels reposaient Zotero-Firefox. La\nversion 6, d\u00e9j\u00e0 en pr\u00e9paration, apportera encore plus de changements de\nce point de vue.</p>\n<p>Restons-en \u00e0 la version 5 pour le moment. La page de <a\nhref=\"https://www.zotero.org/support/5.0_changelog\" target=\"_blank\"\nrel=\"noopener\">changelog</a> pr\u00e9sente en d\u00e9tails l'ensemble des\nmodifications apport\u00e9es par Zotero 5. Nous avons choisi pour notre part\nde vous pr\u00e9senter six nouvelles fonctionnalit\u00e9s, par ordre subjectif\nd'int\u00e9r\u00eat d\u00e9croissant :</p>\n<ul>\n<li>une nouvelle architecture pour la <a\nhref=\"#synchro\">synchronisation</a>,</li>\n<li>la gestion de flux <a href=\"#rss\">RSS</a>,</li>\n<li>quelques modifications moins visibles mais affectant l'utilisation\n<a href=\"#modifs_quotidien\">quotidienne</a> de Zotero,</li>\n<li>la biblioth\u00e8que <a href=\"#mes_pubs\"><em>Mes\npublications</em></a>,</li>\n<li>l'am\u00e9lioration de l'<a href=\"#ed_notes\">\u00e9diteur de notes</a>,</li>\n<li>et <em>last but not least</em>, nous \u00e9voquerons la compatibilit\u00e9\navec quelques-uns de nos <a href=\"#modules_comp\">modules\ncompl\u00e9mentaires</a> pr\u00e9f\u00e9r\u00e9s.</li>\n</ul>\n<h3 id=\"nouvelle-architecture-pour-la-synchronisation\"><span\nid=\"synchro\"></span>Nouvelle architecture pour la synchronisation</h3>\n<div id=\"attachment_1246\" class=\"wp-caption aligncenter\"\nstyle=\"width: 310px\">\n<p><a\nhref=\"http://zotero.hypotheses.org/files/2017/02/5454608555_dc0de1c50e.jpg\"><img\nsrc=\"http://zotero.hypotheses.org/files/2017/02/5454608555_dc0de1c50e-300x300.jpg\"\nclass=\"size-medium wp-image-1246\"\naria-describedby=\"caption-attachment-1246\" decoding=\"async\"\nloading=\"lazy\"\nsrcset=\"https://zotero.hypotheses.org/files/2017/02/5454608555_dc0de1c50e-300x300.jpg 300w, https://zotero.hypotheses.org/files/2017/02/5454608555_dc0de1c50e-150x150.jpg 150w, https://zotero.hypotheses.org/files/2017/02/5454608555_dc0de1c50e-160x160.jpg 160w, https://zotero.hypotheses.org/files/2017/02/5454608555_dc0de1c50e-320x320.jpg 320w, https://zotero.hypotheses.org/files/2017/02/5454608555_dc0de1c50e.jpg 500w\"\nsizes=\"(max-width: 300px) 100vw, 300px\" width=\"300\"\nheight=\"300\" /></a></p>\n<p>Auteur : Alyson Hurt \u2013 CC BY-NC \u2013 Source : Flickr</p>\n</div>\n<p>L'un des principaux apports de cette nouvelle version est\nincontestablement la nouvelle architecture de synchronisation.</p>\n<p>La synchronisation <strong>s\u00e9lective</strong> permet ainsi non\nseulement de <strong>choisir les biblioth\u00e8ques \u00e0 synchroniser</strong>\n(biblioth\u00e8ques\u00a0 personnelle et de groupe, nouvelle biblioth\u00e8que <em>Mes\npublications</em>), mais \u00e9galement de lancer la synchronisation d'une\nbiblioth\u00e8que \u00e0 la demande, depuis un menu contextuel.</p>\n<p>Moins visibles mais non moins fondamentaux au quotidien, citons aussi\n:</p>\n<ul>\n<li>l'<strong>ind\u00e9pendance</strong> des synchronisations : les conflits\nou blocages li\u00e9s \u00e0 une biblioth\u00e8que n'emp\u00eachent plus la synchronisation\ndes autres,</li>\n<li>le caract\u00e8re <strong>incr\u00e9mental</strong> de la synchronisation, qui\noptimise la gestion des grandes biblioth\u00e8ques,</li>\n<li>l'am\u00e9lioration de la gestion des <strong>conflits</strong> de\nsynchronisation,</li>\n<li>le d<span lang=\"fr\">\u00e9clenchement imm\u00e9diat de la synchronisation si\ndes modifications ont \u00e9t\u00e9 apport\u00e9es depuis l'une des instances\nsynchronis\u00e9es.</span></li>\n</ul>\n<p>Notons enfin une meilleure ergonomie pour configurer la\nsynchronisation, et la possibilit\u00e9 de <strong>dissocier</strong> d'un\nclic le compte associ\u00e9 \u00e0 une biblioth\u00e8que locale.</p>\n<h3 id=\"gestion-de-flux-rss\"><span id=\"rss\"></span>Gestion de flux\nRSS</h3>\n<p>Nouveaut\u00e9 beaucoup plus visible, Zotero 5 int\u00e8gre d\u00e9sormais un\nagr\u00e9gateur de flux <a href=\"https://fr.wikipedia.org/wiki/RSS\">RSS</a>\net Atom. L'int\u00e9gration de ce puissant outil de veille permet de limiter\nla dispersion des diff\u00e9rentes \u00e9tapes de la biblio entre plusieurs\napplications ou services, et de fluidifier l'ajout des nouveaux\ndocuments rep\u00e9r\u00e9s par le biais d'une veille RSS. D'un clic les nouvelles\nentr\u00e9es sont en effet transf\u00e9r\u00e9es de la biblioth\u00e8que des flux aux\nbiblioth\u00e8ques de documents, sous la forme de documents complets avec les\nfichiers associ\u00e9s (si applicable).</p>\n<p>Le menu <em>Options</em> (qui remplace d\u00e9sormais la roue dent\u00e9e pour\nacc\u00e9der aux <em>Pr\u00e9f\u00e9rences</em>) permet de configurer :</p>\n<ul>\n<li>le sens du <strong>classement chronologique</strong> des\nentr\u00e9es,</li>\n<li>la fr\u00e9quence de <strong>mise \u00e0 jour</strong> des flux,</li>\n<li>le <strong>d\u00e9lai de suppression</strong> des entr\u00e9es lues,</li>\n<li>le d\u00e9lai de suppression des entr\u00e9es non lues.</li>\n</ul>\n<p>On peut \u00e9galement, flux par flux :</p>\n<ul>\n<li>d\u00e9finir la fr\u00e9quence de mise \u00e0 jour,</li>\n<li>param\u00e9trer le d\u00e9lai de suppression des entr\u00e9es lues et non\nlues,</li>\n<li><strong>actualiser</strong> le flux,</li>\n<li>le marquer comme lu.</li>\n</ul>\n<h3\nid=\"quelques-modifications-moins-visibles-mais-affectant-lutilisation-quotidienne-de-zotero\"><span\nid=\"modifs_quotidien\"></span>Quelques modifications moins visibles mais\naffectant l'utilisation quotidienne de Zotero</h3>\n<div id=\"attachment_1257\" class=\"wp-caption aligncenter\"\nstyle=\"width: 310px\">\n<p><a\nhref=\"http://zotero.hypotheses.org/files/2017/02/dominik_dome_by_nc_sa.jpg\"><img\nsrc=\"http://zotero.hypotheses.org/files/2017/02/dominik_dome_by_nc_sa-300x123.jpg\"\nclass=\"size-medium wp-image-1257\"\naria-describedby=\"caption-attachment-1257\" decoding=\"async\"\nloading=\"lazy\"\nsrcset=\"https://zotero.hypotheses.org/files/2017/02/dominik_dome_by_nc_sa-300x123.jpg 300w, https://zotero.hypotheses.org/files/2017/02/dominik_dome_by_nc_sa-768x314.jpg 768w, https://zotero.hypotheses.org/files/2017/02/dominik_dome_by_nc_sa.jpg 1024w\"\nsizes=\"(max-width: 300px) 100vw, 300px\" width=\"300\"\nheight=\"123\" /></a></p>\n<p>Auteur : Dominik Dome \u2013 CC BY-NC-SA \u2013 Source : Flickr</p>\n</div>\n<h4 id=\"gestion-des-styles\">Gestion des styles</h4>\n<p>Deux nouveaut\u00e9s facilitent la gestion des styles :\nl'<strong>installation directe</strong> des styles bibliographiques et\nla pr\u00e9sence de nouveaux <strong>liens vers le gestionnaire de\nstyles</strong>. Les styles s'installent en effet directement depuis <a\nhref=\"https://www.zotero.org/styles\">l'entrep\u00f4t des styles Zotero</a> en\nun clic, sans qu'il soit n\u00e9cessaire de sortir de Zotero. Le gestionnaire\nde style devient pour sa part accessible depuis les fen\u00eatres <em>Cr\u00e9er\nune bibliographie</em> de la biblioth\u00e8que, et <em>Pr\u00e9f\u00e9rences du\ndocument</em> de l'extension de traitement de texte.</p>\n<h4 id=\"am\u00e9liorations-de-la-recherche-avanc\u00e9e\">Am\u00e9liorations de la\nrecherche avanc\u00e9e</h4>\n<p>Comme nous l'avons d\u00e9taill\u00e9 dans un <a\nhref=\"http://zotero.hypotheses.org/756\" target=\"_blank\"\nrel=\"noopener\">pr\u00e9c\u00e9dent billet</a>, les recherches sauvegard\u00e9es\nconstituent un puissant mode d'organisation de la biblioth\u00e8que. Quelques\nam\u00e9liorations viennent optimiser cet outil :</p>\n<ul>\n<li>les menus d\u00e9roulants sont plus compacts et ergonomiques,</li>\n<li>les recherches sauvegard\u00e9es sont des crit\u00e8res de recherche et\napparaissent ainsi dans le crit\u00e8re <em>Collection (de Zotero),</em></li>\n<li>la recherche peut \u00eatre lanc\u00e9e dans les flux.</li>\n</ul>\n<h4\nid=\"nouvelle-localisation-par-d\u00e9faut-du-r\u00e9pertoire-de-donn\u00e9es\">Nouvelle\nlocalisation par d\u00e9faut du r\u00e9pertoire de donn\u00e9es</h4>\n<p>Voici \u00e0 nouveau une modification invisible, mais d'un impact notable,\nnotamment pour la configuration de la sauvegarde de vos donn\u00e9es Zotero.\nAvec Zotero 5, si les fichiers sont toujours enregistr\u00e9s dans un\nr\u00e9pertoire <em>Zotero</em>, ce dernier est remont\u00e9 \u00e0 la racine du\nr\u00e9pertoire de l'utilisateur. Sur Mac et Linux, un r\u00e9pertoire de donn\u00e9es\n\u00e0 l'emplacement par d\u00e9faut pr\u00e9c\u00e9dent sera automatiquement d\u00e9plac\u00e9 au\nnouvel emplacement. Les utilisateurs de Windows pourront effectuer cette\nmodification depuis le menu <em>Pr\u00e9f\u00e9rences</em> &gt; <em>Avanc\u00e9es</em>\n&gt; <em>Fichiers et dossiers</em>.</p>\n<p>Cette nouvelle configuration pourra r\u00e9soudre les anomalies\nd'enregistrement des fichiers PDF joints annot\u00e9s dans une visionneuses\nexternes, <a\nhref=\"https://forums.zotero.org/discussion/61014/macos-sierra-papers-protected\">signal\u00e9es\npar certains utilisateurs</a>.</p>\n<h3 id=\"biblioth\u00e8que-mes-publications\">Biblioth\u00e8que <em>Mes\npublications</em></h3>\n<div id=\"attachment_1259\" class=\"wp-caption aligncenter\"\nstyle=\"width: 310px\">\n<p><a\nhref=\"http://zotero.hypotheses.org/files/2017/02/Dennis_Skley_BY-ND.jpg\"><img\nsrc=\"http://zotero.hypotheses.org/files/2017/02/Dennis_Skley_BY-ND-300x169.jpg\"\nclass=\"wp-image-1259 size-medium\"\naria-describedby=\"caption-attachment-1259\" decoding=\"async\"\nloading=\"lazy\"\nsrcset=\"https://zotero.hypotheses.org/files/2017/02/Dennis_Skley_BY-ND-300x169.jpg 300w, https://zotero.hypotheses.org/files/2017/02/Dennis_Skley_BY-ND-768x432.jpg 768w, https://zotero.hypotheses.org/files/2017/02/Dennis_Skley_BY-ND-1024x577.jpg 1024w, https://zotero.hypotheses.org/files/2017/02/Dennis_Skley_BY-ND.jpg 2048w\"\nsizes=\"(max-width: 300px) 100vw, 300px\" width=\"300\"\nheight=\"169\" /></a></p>\n<p>Auteur : Dennis Skley \u2013 CC BY-ND \u2013 Source : Flickr</p>\n</div>\n<p>A l'instar de Mendeley ou de services tels que les r\u00e9seaux sociaux\nacad\u00e9miques Academia.edu ou ResearchGate, Zotero 5 propose une\nfonctionnalit\u00e9 de <strong>profil</strong> associant <strong>page\nweb</strong> et <strong>publications en texte int\u00e9gral</strong>, gr\u00e2ce \u00e0\nla biblioth\u00e8que <em>Mes publications</em>.</p>\n<p>On peut ainsi facilement non seulement associer \u00e0 sa page de profil\nZotero une <a href=\"https://www.zotero.org/libora\">liste de\npublications</a>, mais surtout <strong>publier les fichiers de texte\nint\u00e9gral</strong>. Il est d\u00e9j\u00e0 possible actuellement de partager des\nfichiers par le biais d'une biblioth\u00e8que de groupe, en d\u00e9finissant un\np\u00e9rim\u00e8tre de lecteurs plus ou moins large (administrateurs du groupe,\nmembres du groupe ou tout internaute). La nouveaut\u00e9 r\u00e9side donc\nprincipalement dans la fonction de publication : Zotero 5 permet de\npublier les fichiers sous une <strong>licence</strong> d\u00e9termin\u00e9e. Le\ndouble objectif est d'autoriser le partage public de fichiers, et\nd'envisager l'int\u00e9gration avec d'autres services telles que les\n<strong>archives institutionnelles</strong>. Si l'interop\u00e9rabilit\u00e9 avec\n<a href=\"https://orcid.org/\">ORCID</a> est \u00e0 l'\u00e9tude (voir <a\nhref=\"https://forums.zotero.org/discussion/57892/vote-for-import-publication-from-zotero-to-orcid\">cette\ndiscussion</a> sur le forum), elle n'est pas encore r\u00e9alis\u00e9e. Souhaitons\nqu'elle puisse l'\u00eatre prochainement dans les deux sens , <em>i. e.</em>\nalimentation du profil ORCID \u00e0 partir de Zotero, et mise \u00e0 jour\nautomatique de <em>Mes publications</em> par ORCID pour les futures\npublications.</p>\n<p>Un petit regret concernant <em>Mes publications</em> : les options de\npersonnalisation demeurent limit\u00e9es et il n'est ainsi pas possible de\nparam\u00e9trer l'ordre d'affichage des types de document. Un biologiste, par\nexemple, pourrait pr\u00e9f\u00e9rer afficher ses articles avant ses livres.</p>\n<h3 id=\"am\u00e9lioration-de-l\u00e9diteur-de-notes\"><span\nid=\"ed_notes\"></span>Am\u00e9lioration de l'\u00e9diteur de notes</h3>\n<p>L'\u00e9diteur de notes profite \u00e9galement de la version 5 et voit ses\npotentialit\u00e9s augment\u00e9es, avec notamment :</p>\n<ul>\n<li>la mise \u00e0 niveau vers <a href=\"https://www.tinymce.com/\">TinyMCE\n4</a> (4.5.1)</li>\n<li>le <strong>rechercher/remplacer</strong> dans les notes,</li>\n<li>la cr\u00e9ation automatique de <strong>liens hypertexte</strong> lors de\nla saisie d'URL (<em>autolinking URL</em>),</li>\n<li>la d\u00e9sactivation des copier ou d\u00e9placer d'<strong>images</strong>,\nafin d'\u00e9viter les erreurs de synchronisation (les images embarqu\u00e9es\npourraient \u00eatre prises en charge \u00e0 l'avenir),</li>\n<li>la prise en charge des param\u00e8tres r\u00e9gionaux autres que ceux de\nl'anglais,</li>\n<li>un nouveau style pour les <strong>citations entre\nguillemets</strong>.</li>\n</ul>\n<h3 id=\"compatibilit\u00e9-des-modules-compl\u00e9mentaires\"><span\nid=\"modules_comp\"></span>Compatibilit\u00e9 des modules compl\u00e9mentaires</h3>\n<div id=\"attachment_1247\" class=\"wp-caption aligncenter\"\nstyle=\"width: 310px\">\n<p><a\nhref=\"http://zotero.hypotheses.org/files/2017/02/andrew_malone_by.jpg\"><img\nsrc=\"http://zotero.hypotheses.org/files/2017/02/andrew_malone_by-300x200.jpg\"\nclass=\"size-medium wp-image-1247\"\naria-describedby=\"caption-attachment-1247\" decoding=\"async\"\nloading=\"lazy\"\nsrcset=\"https://zotero.hypotheses.org/files/2017/02/andrew_malone_by-300x200.jpg 300w, https://zotero.hypotheses.org/files/2017/02/andrew_malone_by.jpg 640w\"\nsizes=\"(max-width: 300px) 100vw, 300px\" width=\"300\"\nheight=\"200\" /></a></p>\n<p>Auteur : Andrew Malone \u2013 CC BY \u2013 Source : Flickr</p>\n</div>\n<p>Certains modules apportent des fonctionnalit\u00e9s compl\u00e9mentaires mais\nindispensables pour certains utilisateurs. Qu'en est-il de la\ncompatibilit\u00e9 des plus essentiels d'entre eux, \u00e0 nouveau selon\nnotre\u00a0int\u00e9r\u00eat fort subjectif ?</p>\n<ul>\n<li>Extensions de traitement texte Word et LibreOffice : des versions\ncompatibles avec Zotero 5 son install\u00e9es \u00e0 l'installation de Zotero,\nainsi qu'il en allait aevc Zotero Standalone.</li>\n<li><a href=\"http://zotfile.com/\">ZotFile</a> : une version 5 beta est\ndisponible (voir <a\nhref=\"https://forums.zotero.org/discussion/62594/zotfile-5-0-beta-for-zotero-5\">cette\ndiscussion</a> sur le forum), et nous devrions prochainement consacrer\nun billet \u00e0 ce module.</li>\n<li><a href=\"https://github.com/willsALMANJ/Zutilo\">Zutilo</a> : la\ncompatibilit\u00e9 est \u00e9galement assur\u00e9e.</li>\n<li><a href=\"https://github.com/retorquere/zotero-better-bibtex/\">Better\nBib(La)Tex</a> : <del>nous devrions \u00e9galement revenir dans un prochain\nbillet sur ce module essentiel pour les utilisateurs de LaTeX, sa\ncompatiblit\u00e9 avec Zotero 5 n'est malheureusement pas acquise, et l'on\npeut pencher entre l'<a\nhref=\"https://twitter.com/adam42smith/status/826165824440369153\">optimisme</a>\net le <a\nhref=\"https://github.com/retorquere/zotero-better-bibtex/issues/555\">pessimisme</a>\n\u00e0 ce sujet (merci \u00e0 <a href=\"https://twitter.com/grolimur\">@grolimur</a>\npour la version optimiste!)</del></li>\n</ul>\n<p><strong>Mise \u00e0 jour 2018-01-15</strong> : Il fallait pencher pour\nl'optimisme! <a\nhref=\"https://github.com/retorquere/zotero-better-bibtex/\">Better\nBib(La)Tex\u00a0</a>est enti\u00e8rement compatible avec Zotero 5.</p>\n<p>Avez-vous test\u00e9 Zotero 5 ? Quelle nouvelle fonctionnalit\u00e9\nattendez-vous avec le plus d'impatience ?</p>","doi":"https://doi.org/10.59350/ggxvj-kpz45","guid":"http://zotero.hypotheses.org/?p=1224","image":"https://zotero.hypotheses.org/files/2017/02/leo_reynolds5.jpg","language":"fr","license":"https://creativecommons.org/licenses/by/4.0/legalcode","published_at":1488153600,"rid":"45940-gzc30","summary":"Auteur : Leo Reynolds \u2013 CC-BY-SA \u2013 Source : Flickr Il est grand temps d'\u00e9voquer la nouvelle version de Zotero, <strong> la version 5 </strong> , dont certains d'entre vous ont s\u00fbrement install\u00e9 et test\u00e9 la version <em> beta </em> . L'une des principales nouveaut\u00e9s de cette mise \u00e0 jour majeure est de rendre obsol\u00e8te la cat\u00e9gorie \"Standalone\" de nos billets : Zotero sera d\u00e9sormais une <strong> application distincte </strong> , quel que soit le navigateur","tags":["Actualit\u00e9s","Plug-ins Et Apps"],"title":"Un avant-go\u00fbt de Zotero version 5","updated_at":1788321238,"url":"https://zotero.hypotheses.org/1224","version":"v1"},{"authors":[{"contributor_roles":[],"family":"Flamerie","given":"Fr\u00e9d\u00e9rique"}],"blog":{"authors":null,"community_id":"310eb31b-74ce-47d8-9f4f-7ae4dae66b49","created":1708300800,"current_feed_url":null,"description":null,"doi":"https://doi.org/10.59350/zotero_fr","favicon":"https://rogue-scholar.org/api/communities/310eb31b-74ce-47d8-9f4f-7ae4dae66b49/logo","feed_format":"application/atom+xml","feed_url":"https://zotero.hypotheses.org/feed/atom/","filter":null,"generator":"WordPress","home_page_url":"https://zotero.hypotheses.org","issn":null,"language":"fra","license":"https://creativecommons.org/licenses/by/4.0/legalcode","prefix":"10.59350","relative_url":null,"secure":true,"slug":"zotero_fr","status":"active","subfield":"1710","title":"Le blog Zotero francophone","updated":1788191754,"use_api":true},"blog_name":"Le blog Zotero francophone","blog_slug":"zotero_fr","content_html":"<div id=\"attachment_1279\" class=\"wp-caption aligncenter\"\nstyle=\"width: 610px\">\n<p><a\nhref=\"http://zotero.hypotheses.org/files/2017/03/daniel_kulinski2_by_nc_sa.jpg\"><img\nsrc=\"http://zotero.hypotheses.org/files/2017/03/daniel_kulinski2_by_nc_sa-300x200.jpg\"\nclass=\"wp-image-1279\" aria-describedby=\"caption-attachment-1279\"\ndecoding=\"async\" loading=\"lazy\"\nsrcset=\"https://zotero.hypotheses.org/files/2017/03/daniel_kulinski2_by_nc_sa-300x200.jpg 300w, https://zotero.hypotheses.org/files/2017/03/daniel_kulinski2_by_nc_sa-768x512.jpg 768w, https://zotero.hypotheses.org/files/2017/03/daniel_kulinski2_by_nc_sa-1024x683.jpg 1024w, https://zotero.hypotheses.org/files/2017/03/daniel_kulinski2_by_nc_sa.jpg 2048w\"\nsizes=\"(max-width: 600px) 100vw, 600px\" width=\"600\" height=\"400\"\nalt=\"image_crayons\" /></a></p>\n<p>Auteur : Daniel Kulinski \u2013 CC-BY-NC-SA \u2013 Source : Flickr</p>\n</div>\n<p>Le blog Zotero francophone s'associe \u00e0 l'association <a\nhref=\"http://hackyourphd.org/\">HackYourPhD</a> et \u00e0 <a\nhref=\"http://www.boiteaoutils.info/\">La bo\u00eete \u00e0 outils des\nhistoriens</a> pour vous proposer un atelier CSL.</p>\n<h3\nid=\"zotero-avanc\u00e9-styles-bibliographiques-comprendre-et-contribuer\">Zotero\nAvanc\u00e9 \u2013 styles bibliographiques \u00a0: comprendre et contribuer</h3>\n<p>Dans la continuit\u00e9 de l'atelier OpenGeek de <a\nhref=\"https://github.com/HackYourPhd/ateliers-open-geek/blob/master/Atelier_05/Atelier_05.md\"\ntarget=\"_blank\">d\u00e9couverte Zotero</a>, organis\u00e9 par HackYourPhD en\noctobre 2016, ce nouvel atelier Zotero est orient\u00e9 plus sp\u00e9cifiquement\nsur les styles bibliographiques.</p>\n<p>Nous vous proposons le programme suivant :</p>\n<ul>\n<li>principes g\u00e9n\u00e9raux de CSL,</li>\n<li>outils d'\u00e9dition des styles,</li>\n<li>exemples de modification mineures d'un style existant,</li>\n<li>organisation d'un travail collaboratif en France pour la cr\u00e9ation de\nstyles de citation en SHS sur <a\nhref=\"https://trello.com/b/ACMPVFQf/csl-france\"\ntarget=\"_blank\">Trello.</a></li>\n</ul>\n<p>Les informations d\u00e9taill\u00e9s concernant cet atelier sont disponibles <a\nhref=\"http://hackyourphd.org/2017/03/220417-atelier-opengeek-13-zotero-avance-styles-bibliographiques-comprendre-contribuer/\">sur\nle site de HackYourPhd</a>.</p>\n<p>Pour participer, inscrivez-vous sur <a\nhref=\"https://www.eventbrite.com/e/220417-atelier-opengeek-13-zotero-avance-styles-bibliographiques-comprendre-et-contribuer-tickets-28147082682\">Eventbrite</a>\net rendez-vous \u00e0 la\u00a0Biblioth\u00e8que universitaire Pierre et Marie Curie \u2013\nBiblioth\u00e8que des Licences (4 place Jussieu 75005 Paris) le\n<strong>samedi 22 avril \u00e0 partir de 16h</strong>.</p>\n<p>\u00c0 tr\u00e8s bient\u00f4t !</p>\n<p>*Fr\u00e9d\u00e9rique Flamerie (Blog Zotero francophone), C\u00e9lya Gruson-Daniel\n(HackYourPhD) et <span class=\"gD\">Franziska Heimburger (Bo\u00eete \u00e0 outils\ndes historiens).</span><br />\n*</p>\n<p><em>Mise \u00e0 jour du 4 mai 2017</em> : Retrouvez sur <a\nhref=\"https://github.com/HackYourPhd/ateliers-open-geek/blob/master/Atelier_13_zotero_csl/atelier_13.md\"\ntarget=\"_blank\">GitHub</a> la fiche r\u00e9capitulative de la s\u00e9ance, avec un\ntr\u00e8s riche exemple d'organisation de biblioth\u00e8que Zotero et de nombreux\nliens vers des ressources.</p>\n<div id=\"attachment_1183\" class=\"wp-caption aligncenter\"\nstyle=\"width: 550px\">\n<p><a\nhref=\"https://www.eventbrite.com/e/220417-atelier-opengeek-13-zotero-avance-styles-bibliographiques-comprendre-et-contribuer-tickets-28147082682\"\ntarget=\"_blank\"><img\nsrc=\"http://zotero.hypotheses.org/files/2016/10/logo_hyphd.png\"\nclass=\"wp-image-1183 size-full\"\naria-describedby=\"caption-attachment-1183\" decoding=\"async\"\nloading=\"lazy\"\nsrcset=\"https://zotero.hypotheses.org/files/2016/10/logo_hyphd.png 540w, https://zotero.hypotheses.org/files/2016/10/logo_hyphd-300x114.png 300w\"\nsizes=\"(max-width: 540px) 100vw, 540px\" width=\"540\" height=\"206\"\nalt=\"logo_hyp\" /></a></p>\n<p>Logo cr\u00e9\u00e9 par Geoffroy Dorne</p>\n</div>","doi":"https://doi.org/10.59350/6w9mq-ynn57","guid":"http://zotero.hypotheses.org/?p=1275","image":"https://zotero.hypotheses.org/files/2017/03/daniel_kulinski2_by_nc_sa.jpg","language":"fr","license":"https://creativecommons.org/licenses/by/4.0/legalcode","published_at":1490832000,"rid":"6n3bp-wy345","summary":"Auteur : Daniel Kulinski \u2013 CC-BY-NC-SA \u2013 Source : Flickr Le blog Zotero francophone s'associe \u00e0 l'association HackYourPhD et \u00e0 La bo\u00eete \u00e0 outils des historiens pour vous proposer un atelier CSL.","tags":["Actualit\u00e9s","Styles Et CSL","Formation"],"title":"Atelier CSL le 22/04/2017 \u00e0 Paris","updated_at":1788321235,"url":"https://zotero.hypotheses.org/1275","version":"v1"},{"authors":[{"contributor_roles":[],"family":"Flamerie","given":"Fr\u00e9d\u00e9rique"}],"blog":{"authors":null,"community_id":"310eb31b-74ce-47d8-9f4f-7ae4dae66b49","created":1708300800,"current_feed_url":null,"description":null,"doi":"https://doi.org/10.59350/zotero_fr","favicon":"https://rogue-scholar.org/api/communities/310eb31b-74ce-47d8-9f4f-7ae4dae66b49/logo","feed_format":"application/atom+xml","feed_url":"https://zotero.hypotheses.org/feed/atom/","filter":null,"generator":"WordPress","home_page_url":"https://zotero.hypotheses.org","issn":null,"language":"fra","license":"https://creativecommons.org/licenses/by/4.0/legalcode","prefix":"10.59350","relative_url":null,"secure":true,"slug":"zotero_fr","status":"active","subfield":"1710","title":"Le blog Zotero francophone","updated":1788191754,"use_api":true},"blog_name":"Le blog Zotero francophone","blog_slug":"zotero_fr","content_html":"<div>\n\n</div>\n\n<div>\n\n</div>\n\n<div>\n\n<div id=\"attachment_1315\" class=\"wp-caption aligncenter\"\nstyle=\"width: 650px\">\n<p><a\nhref=\"http://zotero.hypotheses.org/files/2017/05/drew_streib_by_nc.jpg\"><img\nsrc=\"http://zotero.hypotheses.org/files/2017/05/drew_streib_by_nc.jpg\"\nclass=\"size-full wp-image-1315\"\naria-describedby=\"caption-attachment-1315\" decoding=\"async\"\nloading=\"lazy\"\nsrcset=\"https://zotero.hypotheses.org/files/2017/05/drew_streib_by_nc.jpg 640w, https://zotero.hypotheses.org/files/2017/05/drew_streib_by_nc-300x192.jpg 300w\"\nsizes=\"(max-width: 640px) 100vw, 640px\" width=\"640\"\nheight=\"410\" /></a></p>\n<p>\"Team\" flickr photo par dtype \u2013\nhttps://flickr.com/photos/dtype/29762481 \u2013 Creative Commons (BY-NC)</p>\n</div>\n<div>\n\n<p>Ce billet s'inspire largement du billet de Pegasus Librarian, <a\nhref=\"http://pegasuslibrarian.com/2017/05/best-practices-for-groups-using-zotero.html\"><em>Best\nPractices for Groups using Zotero</em></a>, ainsi que d'exp\u00e9riences\npersonnelles de groupe. Si Zotero permet tr\u00e8s facilement de cr\u00e9er des\nbiblioth\u00e8ques partag\u00e9es, il importe de d\u00e9finir <em>a minima</em>\nquelques principes de fonctionnement, afin d'assurer la coh\u00e9rence de\nvotre biblioth\u00e8que et de faciliter son usage par les contributeurs. Nous\nvous proposons donc, en trois sections, quelques pistes pour construire\nefficacement votre espace de travail bibliographique partag\u00e9.</p>\n<ul>\n<li><a href=\"#section1\">Biblioth\u00e8que de r\u00e9f\u00e9rences bibliographiques\nseules ou biblioth\u00e8que de fichiers?</a></li>\n<li><a href=\"#section2\">Ranger, classer, cat\u00e9goriser?</a></li>\n<li><a href=\"#section3\">Derniers conseils pour la route</a></li>\n</ul>\n<p>Si vous n'avez jamais cr\u00e9\u00e9 de groupe, la <a\nhref=\"https://www.zotero.org/support/fr/groups\">documentation du site de\nZotero</a>, ainsi que divers tutoriels dont <a\nhref=\"https://paris-sorbonne.libguides.com/zotero_sync/groupes\">le\nBiBlioGuide de Sorbonne-Universit\u00e9s</a>, vous permettront de vous\nfamiliariser avec leur fonctionnement de base.</p>\n</div>\n\n<div>\n\n<h3\nid=\"biblioth\u00e8que-de-r\u00e9f\u00e9rences-bibliographiques-seules-ou-biblioth\u00e8que-de-fichiers\"><span\nid=\"section1\"></span>Biblioth\u00e8que de r\u00e9f\u00e9rences bibliographiques seules\nou biblioth\u00e8que de fichiers?</h3>\n<div>\n\n</div>\n\n<div>\n\n<div id=\"attachment_1317\" class=\"wp-caption aligncenter\"\nstyle=\"width: 650px\">\n<p><a\nhref=\"http://zotero.hypotheses.org/files/2017/05/piyushgiri_revagar_by_nc_nd.jpg\"><img\nsrc=\"http://zotero.hypotheses.org/files/2017/05/piyushgiri_revagar_by_nc_nd.jpg\"\nclass=\"size-full wp-image-1317\"\naria-describedby=\"caption-attachment-1317\" decoding=\"async\"\nloading=\"lazy\"\nsrcset=\"https://zotero.hypotheses.org/files/2017/05/piyushgiri_revagar_by_nc_nd.jpg 640w, https://zotero.hypotheses.org/files/2017/05/piyushgiri_revagar_by_nc_nd-300x200.jpg 300w\"\nsizes=\"(max-width: 640px) 100vw, 640px\" width=\"640\"\nheight=\"427\" /></a></p>\n<p>\"Connected\" flickr photo par Piyushgiri Revagar \u2013\nhttps://flickr.com/photos/p_revagar/26611194315 \u2013 Creative Commons\n(BY-NC-ND)</p>\n</div>\n</div>\n\n<p>L'une des premi\u00e8res question \u00e0 se poser est celle des\n<strong>fichiers joints</strong> (sous toutes leurs formes : fichiers\ntexte pour les articles, image pour les figures, cartes, etc.) :\nsouhaitez-vous cr\u00e9er une biblioth\u00e8que de groupe pour partager uniquement\ndes r\u00e9f\u00e9rences bibliographiques, ou \u00e9galement des fichiers?</p>\n<p>Si vous choisissez la premi\u00e8re option, veillez \u00e0 bien sp\u00e9cifier dans\nles pr\u00e9f\u00e9rences de la biblioth\u00e8que de groupe <em>No group file\nstorage</em> : cela \u00e9vitera toute utilisation intempestive de l'espace\nde stockage du propri\u00e9taire du groupe.</p>\n<div id=\"attachment_1325\" class=\"wp-caption aligncenter\"\nstyle=\"width: 587px\">\n<p><a\nhref=\"http://zotero.hypotheses.org/files/2017/05/Capture-d'\u00e9cran-2017-05-21-\u00e0-10.20.11.png\"><img\nsrc=\"http://zotero.hypotheses.org/files/2017/05/Capture-d'\u00e9cran-2017-05-21-\u00e0-10.20.11.png\"\nclass=\"size-full wp-image-1325\"\naria-describedby=\"caption-attachment-1325\" decoding=\"async\"\nloading=\"lazy\"\nsrcset=\"https://zotero.hypotheses.org/files/2017/05/Capture-d'\u00e9cran-2017-05-21-\u00e0-10.20.11.png 577w, https://zotero.hypotheses.org/files/2017/05/Capture-d'\u00e9cran-2017-05-21-\u00e0-10.20.11-300x110.png 300w\"\nsizes=\"(max-width: 577px) 100vw, 577px\" width=\"577\" height=\"212\"\nalt=\"capture \u00e9cran \" /></a></p>\n<p>Page de groupe sur le site Zotero, rubrique \"Library settings\"</p>\n</div>\n<p>Si vous souhaitez en revanche constituer une biblioth\u00e8que de\nfichiers, il importe d'anticiper <strong>l'espace de stockage en\nligne</strong> dont vous aurez besoin, et de pr\u00e9voir des <strong>r\u00e8gles\nminimales de gestion des fichiers</strong>.</p>\n<p>Les 300 Mo d'espace de stockage gratuit du propri\u00e9taire du groupe\nrisquent en effet d'\u00eatre rapidement satur\u00e9s en fonction du nombre de\ncontributeurs du groupe et de l'ampleur de votre biblioth\u00e8que. Si\ncertaines universit\u00e9s comme Aix-Marseille et son <a\nhref=\"https://hs.hypotheses.org/460\">AMUbox</a> offrent \u00e0 leurs membres\nun espace <strong>WebDav</strong> utilisable pour la synchronisation des\nfichiers joints de biblioth\u00e8ques personnelles, le recours \u00e0 cette option\ns'av\u00e8re impossible pour une biblioth\u00e8que de groupe, comme cela est\nd\u00e9taill\u00e9 notamment dans <a\nhref=\"https://forums.zotero.org/discussion/9485/sync-group-attachments-rather-to-webdav-than-to-zotero\">cette\ndiscussion du forum</a>.</p>\n<p>Il est en revanche possible d'augmenter votre capacit\u00e9 de stockage\nsur le serveur Zotero. Louer de l'espace de stockage Zotero repr\u00e9sente\ncertes un co\u00fbt financier, mais ce co\u00fbt peut s'av\u00e9rer minime en regard de\nl'\u00e9conomie de temps et d'\u00e9nergie qu'il permet. Si votre projet de\nrecherche dispose d'un budget m\u00eame modeste, cette d\u00e9pense m\u00e9rite d'\u00eatre\nconsid\u00e9r\u00e9e : vous \u00e9conomiserez ainsi les envois multiples de fichiers\npar courriel (service de transfert de fichier ou autre), la\nd\u00e9multiplication des t\u00e9l\u00e9chargements et de l'organisation des fichiers\npar chacun des contributeurs, etc. Zotero propose aussi une <a\nhref=\"https://www.zotero.org/support/institutional_storage\">offre\ninstitutionnelle</a>, qui peut \u00eatre souscrite \u00e0 l'\u00e9chelle d'un\nlaboratoire comme \u00e0 celle d'une universit\u00e9.</p>\n<p>Enfin, votre biblioth\u00e8que commune de fichiers sera d'autant plus\ncoh\u00e9rente que vous adopterez des r\u00e8gles communes de <strong>nommage de\nfichiers</strong>, automatisables et configurables gr\u00e2ce \u00e0 <a\nhref=\"http://zotfile.com/\">ZotFile</a>, auquel nous ne manquerons pas de\nconsacrer un nouveau billet prochainement, et dont vous trouverez une\npr\u00e9sentation en fran\u00e7ais dans le <a\nhref=\"http://paris-sorbonne.libguides.com/zotero-gerer-sa-biblio-et-ses-pdf/gerer-ses-pdf-et-ses-pj\">BiblioGuide\nZotero de Sorbonne-Universit\u00e9s</a>.</p>\n</div>\n\n</div>\n\n<div>\n\n</div>\n\n<div>\n\n</div>\n\n<div>\n\n</div>\n\n<h3 id=\"ranger-classer-cat\u00e9goriser\"><span id=\"section2\"></span>Ranger,\nclasser, cat\u00e9goriser?</h3>\n<div id=\"attachment_1346\" class=\"wp-caption aligncenter\"\nstyle=\"width: 650px\">\n<p><a href=\"http://zotero.hypotheses.org/?attachment_id=1346\"\nrel=\"attachment wp-att-1346\"><img\nsrc=\"http://zotero.hypotheses.org/files/2017/06/files.jpg\"\nclass=\"wp-image-1346 size-full\"\naria-describedby=\"caption-attachment-1346\" decoding=\"async\"\nloading=\"lazy\"\nsrcset=\"https://zotero.hypotheses.org/files/2017/06/files.jpg 640w, https://zotero.hypotheses.org/files/2017/06/files-300x199.jpg 300w\"\nsizes=\"(max-width: 640px) 100vw, 640px\" width=\"640\"\nheight=\"425\" /></a></p>\n<p>\"Files\" flickr photo par Nick Lockey \u2013\nhttps://www.flickr.com/photos/nicklockey/6776864793/ \u2013 Creative Commons\n(BY-NC-ND)</p>\n</div>\n<div>\n\n<p>De m\u00eame que pour le nommage des fichiers, des r\u00e8gles d'organisation\ncommunes minimales permettront \u00e0 votre biblioth\u00e8que de conserver sa\ncoh\u00e9rence et d'\u00eatre plus ais\u00e9ment utilisables par tous les\ncontributeurs.</p>\n<p>Que vous soyez adeptes des marqueurs, des collections ou des\nrecherches enregistr\u00e9es (nous esp\u00e9rons que notre <a\nhref=\"http://zotero.hypotheses.org/756\" target=\"_blank\"\nrel=\"noopener noreferrer\">pr\u00e9c\u00e9dent billet</a> vous aura convaincu de la\ngrande efficacit\u00e9 des marqueurs et des recherches enregistr\u00e9es), le plus\nimportant demeure d'<strong>expliciter</strong> et de\n<strong>documenter</strong> vos choix d'organisation, afin que chacun\npuisse se les approprier et surtout les appliquer.</p>\n<p>Ce <strong>mode d'emploi</strong> peut efficacement prendre la forme\nd'un document de la biblioth\u00e8que auquel seront attach\u00e9s :</p>\n</div>\n\n<ul>\n<li>une note descriptive pour les <strong>collections</strong>,\ncomportant la liste des collections et d\u00e9taillant le champ d'application\nde chacune d'elles,</li>\n<li>une note descriptive pour les <strong>marqueurs</strong>, comportant\nla liste des marqueurs et d\u00e9taillant le champ d'application de chacun\nd'eux,</li>\n<li>une note descriptive pour les <strong>recherches\nenregistr\u00e9es</strong>, comportant la liste des recherches enregistr\u00e9es\net d\u00e9taillant le champ d'application de chacune d'elles,</li>\n<li>tous les marqueurs utilisables : cela permettra de disposer de\nl'ensemble des marqueurs d\u00e8s la cr\u00e9ation de la biblioth\u00e8que, et \u00e9vitera\nla suppression intempestive de l'un d'eux s'il n'est plus utilis\u00e9 dans\nun document.</li>\n</ul>\n<div id=\"attachment_1336\" class=\"wp-caption aligncenter\"\nstyle=\"width: 310px\">\n<p><a\nhref=\"http://zotero.hypotheses.org/files/2017/05/Capture-d'\u00e9cran-2017-05-25-\u00e0-13.46.48.png\"\ntarget=\"_blank\" rel=\"attachment wp-att-1336 noopener noreferrer\"><img\nsrc=\"http://zotero.hypotheses.org/files/2017/05/Capture-d'\u00e9cran-2017-05-25-\u00e0-13.46.48-300x53.png\"\nclass=\"wp-image-1336 size-medium\"\naria-describedby=\"caption-attachment-1336\" decoding=\"async\"\nloading=\"lazy\"\nsrcset=\"https://zotero.hypotheses.org/files/2017/05/Capture-d'\u00e9cran-2017-05-25-\u00e0-13.46.48-300x53.png 300w, https://zotero.hypotheses.org/files/2017/05/Capture-d'\u00e9cran-2017-05-25-\u00e0-13.46.48-768x136.png 768w, https://zotero.hypotheses.org/files/2017/05/Capture-d'\u00e9cran-2017-05-25-\u00e0-13.46.48.png 959w\"\nsizes=\"(max-width: 300px) 100vw, 300px\" width=\"300\" height=\"53\"\nalt=\"copie d&#39;\u00e9cran mode d&#39;emploi\" /></a></p>\n<p>Un mode d'emploi compact et complet pour votre biblioth\u00e8que de\ngroupe</p>\n</div>\n<p>Pensez bien s\u00fbr \u00e0 <strong>actualiser</strong> ce mode d'emploi au fur\net \u00e0 mesure de l'\u00e9volution de l'organisation de votre biblioth\u00e8que.</p>\n<div>\n\n<p>Si vous recourez aux <strong>collections</strong>, classer ce\ndocument dans toutes les collections permettra \u00e0 chacun de v\u00e9rifier\nfacilement le champ d'application de la collection en cours. Une\nalternative est la cr\u00e9ation d'une note ind\u00e9pendante pour chaque\ncollection.</p>\n</div>\n\n<div>\n\n<p>Afin que les principales r\u00e8gles d'organisation soient visibles de\ntous, n'h\u00e9sitez pas \u00e0 les reporter dans la <em>Description</em> de votre\ngroupe ; elles seront ainsi affich\u00e9es lisiblement sur la <strong>page\nweb de votre groupe</strong>.<br />\nSi vous utilisez ne serait-ce que minimalement les\n<strong>marqueurs</strong>, d\u00e9cocher la r\u00e9cup\u00e9ration automatique des\nmarqueurs dans les pr\u00e9f\u00e9rences de Zotero \u00e9vitera de parasiter la liste\nde vos marqueurs avec des mots cl\u00e9s inutiles.</p>\n</div>\n\n<div>\n\n<div id=\"attachment_1332\" class=\"wp-caption aligncenter\"\nstyle=\"width: 310px\">\n<p><a\nhref=\"http://zotero.hypotheses.org/files/2017/05/Capture-d'\u00e9cran-2017-05-25-\u00e0-08.59.05.png\"\ntarget=\"_blank\" rel=\"noopener noreferrer\"><img\nsrc=\"http://zotero.hypotheses.org/files/2017/05/Capture-d'\u00e9cran-2017-05-25-\u00e0-08.59.05-300x231.png\"\nclass=\"wp-image-1332 size-medium\"\naria-describedby=\"caption-attachment-1332\" decoding=\"async\"\nloading=\"lazy\"\nsrcset=\"https://zotero.hypotheses.org/files/2017/05/Capture-d'\u00e9cran-2017-05-25-\u00e0-08.59.05-300x231.png 300w, https://zotero.hypotheses.org/files/2017/05/Capture-d'\u00e9cran-2017-05-25-\u00e0-08.59.05.png 711w\"\nsizes=\"(max-width: 300px) 100vw, 300px\" width=\"300\" height=\"231\"\nalt=\"copie d&#39;\u00e9cran pr\u00e9f\u00e9rences\" /></a></p>\n<p>Pr\u00e9f\u00e9rences de Zotero : ne pas r\u00e9cup\u00e9rer de marqueurs\nautomatiquement</p>\n</div>\n</div>\n\n<div>\n\n<p>Enfin, n'oubliez pas que les collections, les marqueurs et les\nrecherches enregistr\u00e9es peuvent non seulement organiser\nintellectuellement votre biblioth\u00e8que, mais aussi contribuer \u00e0 sa bonne\ngestion et rev\u00eatir une fonction <strong>utilitaire</strong>. Une\nrecherche enregistr\u00e9e sur le crit\u00e8re <em>Type de fichier joint</em> vous\npermettra par exemple de rep\u00e9rer rapidement les documents pour lesquels\naucun fichier n'est joint.</p>\n</div>\n\n<div>\n\n<h3 id=\"derniers-conseils-pour-la-route\"><span\nid=\"section3\"></span>Derniers conseils pour la route</h3>\n<div id=\"attachment_1347\" class=\"wp-caption aligncenter\"\nstyle=\"width: 650px\">\n<p><a href=\"http://zotero.hypotheses.org/?attachment_id=1347\"\nrel=\"attachment wp-att-1347\"><img\nsrc=\"http://zotero.hypotheses.org/files/2017/06/fleches.jpg\"\nclass=\"size-full wp-image-1347\"\naria-describedby=\"caption-attachment-1347\" decoding=\"async\"\nloading=\"lazy\"\nsrcset=\"https://zotero.hypotheses.org/files/2017/06/fleches.jpg 640w, https://zotero.hypotheses.org/files/2017/06/fleches-300x181.jpg 300w\"\nsizes=\"(max-width: 640px) 100vw, 640px\" width=\"640\" height=\"387\"\nalt=\"fleches\" /></a></p>\n<p>\"arrows\" flickr photo par Dean Hochman \u2013\nhttps://www.flickr.com/photos/deanhochman/9791938296/ \u2013 Creative Commons\n(BY)</p>\n</div>\n<p>Terminons ces quelques recommandations par de derniers conseils\nvari\u00e9s.</p>\n<ol type=\"1\">\n<li>Chacun des contributeurs membres du groupe Zotero doit avoir son\npropre compte Zotero : partager les identifiants d'un m\u00eame compte posera\nimmanquablement divers probl\u00e8mes, notamment si les contributeurs qui\nutilisent le m\u00eame compte souhaitent synchroniser leur biblioth\u00e8que\npersonnelle.</li>\n<li>D\u00e9terminez <strong>votre m\u00e9thode d'alimentation</strong> de la\nbiblioth\u00e8que de groupe. Certains pr\u00e9f\u00e8rent enregistrer d'abord les\ndocuments dans leur biblioth\u00e8que personnelle pour ajouter le texte\nint\u00e9gral, les mots cl\u00e9s, etc. D'autres au contraire pr\u00e9f\u00e8reront\nconserver distinctes les deux biblioth\u00e8ques et enregistreront\ndirectement les documents \u00e0 partager dans la biblioth\u00e8que du\ngroupe.</li>\n<li>Dans les deux cas, veillez \u00e0 <strong>corriger et compl\u00e9ter</strong>\nsi n\u00e9cessaire les r\u00e9f\u00e9rences bibliographiques ; Zotero peut vous aider\npour certaines petites corrections, comme nous l'avons d\u00e9taill\u00e9 dans un\n<a href=\"http://zotero.hypotheses.org/760\">pr\u00e9c\u00e9dent billet</a>.</li>\n<li>Ne n\u00e9gligez pas la fonction <em><strong>Connexe</strong></em>, qui\nvous permet de lier plusieurs documents Zotero entre eux.\n<em>Connexe</em> relie ainsi les diff\u00e9rentes versions d'une m\u00eame oeuvre,\nles figures de l'article dans lequel elles sont ins\u00e9r\u00e9es, etc. Dans le\ncadre d'un travail collaboratif, il indiquera surtout aux autres\ncontributeurs les connexions que vous avez \u00e9tablies entre diff\u00e9rents\ndocuments.</li>\n<li>Vous disposez d'un peu de temps, d'une connexion internet mais non\nde votre biblioth\u00e8que locale Zotero? Depuis votre <strong>espace en\nligne</strong>, vous pouvez toujours \u00e9diter les r\u00e9f\u00e9rences\nbibliographiques (pour ajouter des mots cl\u00e9s ou un fichier joint par\nexemple) ou en ajouter gr\u00e2ce \u00e0 <a\nhref=\"https://www.zotero.org/downloadbookmarklet\">l'applisignet\nZotero</a>. Cette\u00a0 option peut \u00eatre un bon moyen d'associer \u00e0 votre\ngroupe des contributeurs non utilisateurs de Zotero.</li>\n</ol>\n<p>Avez-vous aussi des conseils pour la route \u00e0 partager ? Rendez-vous \u00e0\n<a\nhref=\"https://sygefor.reseau-urfist.fr/#!/training/6877/7396\">l'Urfist\nde Bordeaux</a> en novembre ?</p>\n</div>","doi":"https://doi.org/10.59350/h7yjv-d8346","guid":"http://zotero.hypotheses.org/?p=1311","image":"https://zotero.hypotheses.org/files/2017/05/drew_streib_by_nc.jpg","language":"fr","license":"https://creativecommons.org/licenses/by/4.0/legalcode","published_at":1496966400,"rid":"rcyjn-e2v91","summary":"\"Team\" flickr photo par dtype \u2013 https://flickr.com/photos/dtype/29762481 \u2013 Creative Commons (BY-NC) Ce billet s'inspire largement du billet de Pegasus Librarian, <em> Best Practices for Groups using Zotero </em> , ainsi que d'exp\u00e9riences personnelles de groupe.","tags":["Trucs Et Astuces"],"title":"Biblioth\u00e8que de groupe : quelques pistes pour collaborer efficacement","updated_at":1788321232,"url":"https://zotero.hypotheses.org/1311","version":"v1"},{"authors":[{"contributor_roles":[],"name":"Collectif"}],"blog":{"authors":null,"community_id":"310eb31b-74ce-47d8-9f4f-7ae4dae66b49","created":1708300800,"current_feed_url":null,"description":null,"doi":"https://doi.org/10.59350/zotero_fr","favicon":"https://rogue-scholar.org/api/communities/310eb31b-74ce-47d8-9f4f-7ae4dae66b49/logo","feed_format":"application/atom+xml","feed_url":"https://zotero.hypotheses.org/feed/atom/","filter":null,"generator":"WordPress","home_page_url":"https://zotero.hypotheses.org","issn":null,"language":"fra","license":"https://creativecommons.org/licenses/by/4.0/legalcode","prefix":"10.59350","relative_url":null,"secure":true,"slug":"zotero_fr","status":"active","subfield":"1710","title":"Le blog Zotero francophone","updated":1788191754,"use_api":true},"blog_name":"Le blog Zotero francophone","blog_slug":"zotero_fr","content_html":"<div id=\"attachment_1238\" class=\"wp-caption aligncenter\"\nstyle=\"width: 510px\">\n<p><a href=\"http://zotero.hypotheses.org/1224/leo_reynolds5\"\nrel=\"attachment wp-att-1238\"><img\nsrc=\"http://zotero.hypotheses.org/files/2017/02/leo_reynolds5-300x300.jpg\"\nclass=\"wp-image-1238\" aria-describedby=\"caption-attachment-1238\"\ndecoding=\"async\" loading=\"lazy\"\nsrcset=\"https://zotero.hypotheses.org/files/2017/02/leo_reynolds5-300x300.jpg 300w, https://zotero.hypotheses.org/files/2017/02/leo_reynolds5-150x150.jpg 150w, https://zotero.hypotheses.org/files/2017/02/leo_reynolds5-768x768.jpg 768w, https://zotero.hypotheses.org/files/2017/02/leo_reynolds5-160x160.jpg 160w, https://zotero.hypotheses.org/files/2017/02/leo_reynolds5-320x320.jpg 320w, https://zotero.hypotheses.org/files/2017/02/leo_reynolds5.jpg 1024w\"\nsizes=\"(max-width: 500px) 100vw, 500px\" width=\"500\" height=\"500\"\nalt=\"image_5\" /></a></p>\n<p>Auteur : Leo Reynolds \u2013 CC-BY-SA \u2013 Source : Flickr</p>\n</div>\n<p>Ce billet est traduit et adapt\u00e9 de : <span\nclass=\"smallcaps\">Stillman</span> Dan, <em>Zotero 5.0</em>, <a\nhref=\"https://www.zotero.org/blog/zotero-5-0\">https://www.zotero.org/blog/zotero-5-0</a>,\n10 juillet 2017, consult\u00e9 le 12 juillet 2017.</p>\n<div class=\"csl-bib-body\" style=\"line-height: 1.35\" role=\"list\">\n<p>\u00ab Nous sommes heureux d'annoncer la publication de Zotero 5.0, la\nplus importante \u00e9volution de version dans l'histoire de Zotero. Zotero\n5.0 apporte de multiples nouvelles fonctionnalit\u00e9s, ainsi qu'un nombre\nconsid\u00e9rable de changements sous le capot. Ces changements am\u00e9liorent la\nr\u00e9activit\u00e9 et la stabilit\u00e9 de Zotero, tout en posant les bases d'autres\nd\u00e9veloppements importants r\u00e9alis\u00e9s prochainement. Nous mettrons en\nlumi\u00e8re certaines des nouvelles fonctionnalit\u00e9s dans de prochains\nbillets, mais vous pouvez d'ores et d\u00e9j\u00e0 consulter le <a\nhref=\"https://www.zotero.org/support/5.0_changelog#changes_in_50_july_10_2017\">journal\ndes modifications</a> pour une pr\u00e9sentation d\u00e9taill\u00e9e de toutes les\nnouveaut\u00e9s.</p>\n<p><a href=\"https://www.zotero.org/download\">T\u00e9l\u00e9chargez Zotero 5.0</a>\npour d\u00e9marrer avec cette nouvelle version !</p>\n</div>\n<p>Si vous utilisez d\u00e9j\u00e0 <strong>Zotero Standalone 4.0</strong>, la mise\n\u00e0 niveau vers Zotero 5.0 vous sera propos\u00e9e d'ici quelques semaines.\nVous pouvez \u00e9galement t\u00e9l\u00e9charger d\u00e8s maintenant Zotero 5.0 et\nl'installer sur votre version existante. Votre base de donn\u00e9es sera\nautomatiquement mise \u00e0 niveau pour \u00eatre compatible avec Zotero 5.0.</p>\n<p>Si vous utilisez <strong>Zotero 4.0 pour Firefox</strong>, soyez\nconscient que Zotero 5.0 fonctionne maintenant uniquement en tant\nqu'application distincte, et qu'un nouveau connecteur pour Firefox\nremplace l'extension Firefox compl\u00e8te. Un <a\nhref=\"https://www.zotero.org/blog/a-unified-zotero-experience\">billet\nsp\u00e9cifique</a> explique les raisons de ce changement. Les utilisateurs\nde Zotero pour Firefox seront automatiquement mis \u00e0 niveau vers le\nconnecteur pour Firefox dans les prochaines semaines. <strong>Ils\ndevront installer Zotero 5.0 pour pouvoir acc\u00e9der \u00e0 leurs donn\u00e9es\nlocales</strong>. Si vous installez Zotero 5.0 d\u00e8s maintenant,\nassurez-vous d'installer \u00e9galement le connecteur pour Firefox depuis la\npage de t\u00e9l\u00e9chargement.</p>\n<p>Merci \u00e0 tous les membres de la communaut\u00e9 Zotero qui nous ont aid\u00e9 en\ntestant Zotero 5.0 au cours de l'ann\u00e9e, permettant ainsi qu'il soit pr\u00eat\npour aujourd'hui. <span lang=\"fr\">Nous sommes ravis de finalement le\npartager avec le monde ! \u00bb<br />\n</span></p>\n<h5 id=\"note-de-la-r\u00e9daction-zotero-francophone\">Note de la r\u00e9daction\nZotero francophone</h5>\n<p>Vous pouvez retrouver <strong>une premi\u00e8re pr\u00e9sentation des\nnouveaut\u00e9s</strong> de Zotero 5.0 dans notre pr\u00e9c\u00e9dent billet <a\nhref=\"http://zotero.hypotheses.org/1224\" target=\"_blank\"\nrel=\"noopener noreferrer\">Un avant-go\u00fbt de Zotero version 5</a>.</p>\n<p>N'oubliez pas de <strong>recourir prioritairement au <a\nhref=\"https://forums.zotero.org/discussions\">forum Zotero</a></strong>\npour toute difficult\u00e9 d'installation ou d'utilisation de Zotero 5.0\n(voir notre pr\u00e9c\u00e9dent billet <a href=\"http://zotero.hypotheses.org/1192\"\ntarget=\"_blank\" rel=\"noopener noreferrer\">Besoin d'aide ?</a>).</p>\n<p>\u00a0</p>","doi":"https://doi.org/10.59350/c03vw-cyt31","guid":"http://zotero.hypotheses.org/?p=1355","image":"https://zotero.hypotheses.org/files/2017/02/leo_reynolds5.jpg","language":"fr","license":"https://creativecommons.org/licenses/by/4.0/legalcode","published_at":1499817600,"rid":"gxrya-8ze84","summary":"Auteur : Leo Reynolds \u2013 CC-BY-SA \u2013 Source : Flickr Ce billet est traduit et adapt\u00e9 de : Stillman Dan, <em> Zotero 5.0 </em> , https://www.zotero.org/blog/zotero-5-0, 10 juillet 2017, consult\u00e9 le 12 juillet 2017. \u00ab Nous sommes heureux d'annoncer la publication de Zotero 5.0, la plus importante \u00e9volution de version dans l'histoire de Zotero.","tags":["Actualit\u00e9s","Standalone","Traduction"],"title":"Zotero 5.0","updated_at":1788321229,"url":"https://zotero.hypotheses.org/1355","version":"v1"},{"authors":[{"contributor_roles":[],"family":"Flamerie","given":"Fr\u00e9d\u00e9rique"}],"blog":{"authors":null,"community_id":"310eb31b-74ce-47d8-9f4f-7ae4dae66b49","created":1708300800,"current_feed_url":null,"description":null,"doi":"https://doi.org/10.59350/zotero_fr","favicon":"https://rogue-scholar.org/api/communities/310eb31b-74ce-47d8-9f4f-7ae4dae66b49/logo","feed_format":"application/atom+xml","feed_url":"https://zotero.hypotheses.org/feed/atom/","filter":null,"generator":"WordPress","home_page_url":"https://zotero.hypotheses.org","issn":null,"language":"fra","license":"https://creativecommons.org/licenses/by/4.0/legalcode","prefix":"10.59350","relative_url":null,"secure":true,"slug":"zotero_fr","status":"active","subfield":"1710","title":"Le blog Zotero francophone","updated":1788191754,"use_api":true},"blog_name":"Le blog Zotero francophone","blog_slug":"zotero_fr","content_html":"<p><a href=\"http://zotero.hypotheses.org/1482/hackathon_3_2017\"\nrel=\"attachment wp-att-1483\"><img\nsrc=\"http://zotero.hypotheses.org/files/2017/11/hackathon_3_2017.png\"\nclass=\"aligncenter size-full wp-image-1483\" decoding=\"async\"\nloading=\"lazy\"\nsrcset=\"https://zotero.hypotheses.org/files/2017/11/hackathon_3_2017.png 540w, https://zotero.hypotheses.org/files/2017/11/hackathon_3_2017-300x243.png 300w\"\nsizes=\"(max-width: 540px) 100vw, 540px\" width=\"540\" height=\"437\"\nalt=\"hackathon BnF\" /></a></p>\n<p>Les 25 et 26 novembre prochains, la Biblioth\u00e8que nationale de France\norganise la deuxi\u00e8me \u00e9dition de son Hackathon, sur le th\u00e8me de la\nmusique. Aux c\u00f4t\u00e9s de l'orchestre des hackathoniens, la programmation\n\"Le num\u00e9rique et moi\" invite les \u00e9tudiants, chercheurs, lecteurs et\nvisiteurs de la BnF \u00e0 venir jouer des improvisations num\u00e9riques.\nConf\u00e9rences, ateliers sur la programmation et la musique assist\u00e9e par\nordinateur, jeux sur les r\u00e9seaux ou les algorithmes, mais aussi stands\npratiques permettront \u00e0 tout un chacun de profiter du Hackathon pour\ns'initier \u00e0 la pens\u00e9e informatique et aux pratiques num\u00e9riques.</p>\n<p>Le blog Zotero francophone sera pr\u00e9sent aux c\u00f4t\u00e9s de <a\nhref=\"https://framasoft.org/\" target=\"_blank\"\nrel=\"noopener\">Framasoft</a> pour animer le stand \"**Les outils libres\nde l'\u00e9tudiant et du chercheur\"**, faire d\u00e9couvrir Zotero mais aussi\n\u00e9changer et partager nos pratiques.</p>\n<p>Nous vous donnons rendez-vous le <strong>samedi 25 novembre</strong>\napr\u00e8s-midi entre <strong>14h et 18h</strong> dans le <strong>hall\nEst</strong> de la BnF.</p>\n<p>Vous pouvez retrouver toute la programmation du Hackathon et les\ninformations pratiques <a\nhref=\"http://www.bnf.fr/fr/evenements_et_culture/anx_auditoriums/f.hackathon_2017.html?seance=1223928195323\"\ntarget=\"_blank\" rel=\"noopener\">sur le site de la BnF</a>. C'est libre et\ngratuit, sur inscription pour les deux ateliers pratiques.</p>\n<p><em>Nous remercions chaleureusement la Biblioth\u00e8que nationale de\nFrance de nous associer \u00e0 cet \u00e9v\u00e9nement.</em></p>","doi":"https://doi.org/10.59350/82t3d-seb03","guid":"http://zotero.hypotheses.org/?p=1482","image":"https://zotero.hypotheses.org/files/2017/11/hackathon_3_2017.png","language":"fr","license":"https://creativecommons.org/licenses/by/4.0/legalcode","published_at":1510876800,"rid":"ne6gq-mqc52","summary":"Les 25 et 26 novembre prochains, la Biblioth\u00e8que nationale de France organise la deuxi\u00e8me \u00e9dition de son Hackathon, sur le th\u00e8me de la musique. Aux c\u00f4t\u00e9s de l'orchestre des hackathoniens, la programmation \"Le num\u00e9rique et moi\" invite les \u00e9tudiants, chercheurs, lecteurs et visiteurs de la BnF \u00e0 venir jouer des improvisations num\u00e9riques.","tags":["Actualit\u00e9s"],"title":"Atelier Zotero le 25/11 \u00e0 Paris \u2013 Hackathon BnF","updated_at":1788321226,"url":"https://zotero.hypotheses.org/1482","version":"v1"},{"authors":[{"contributor_roles":[],"name":"Collectif"}],"blog":{"authors":null,"community_id":"310eb31b-74ce-47d8-9f4f-7ae4dae66b49","created":1708300800,"current_feed_url":null,"description":null,"doi":"https://doi.org/10.59350/zotero_fr","favicon":"https://rogue-scholar.org/api/communities/310eb31b-74ce-47d8-9f4f-7ae4dae66b49/logo","feed_format":"application/atom+xml","feed_url":"https://zotero.hypotheses.org/feed/atom/","filter":null,"generator":"WordPress","home_page_url":"https://zotero.hypotheses.org","issn":null,"language":"fra","license":"https://creativecommons.org/licenses/by/4.0/legalcode","prefix":"10.59350","relative_url":null,"secure":true,"slug":"zotero_fr","status":"active","subfield":"1710","title":"Le blog Zotero francophone","updated":1788191754,"use_api":true},"blog_name":"Le blog Zotero francophone","blog_slug":"zotero_fr","content_html":"<div id=\"attachment_1514\" class=\"wp-caption aligncenter\"\nstyle=\"width: 745px\">\n<p><a href=\"http://zotero.hypotheses.org/1497/pere_noel_suisse\"\nrel=\"attachment wp-att-1514\"><img\nsrc=\"http://zotero.hypotheses.org/files/2017/12/pere_noel_suisse-735x1024.jpeg\"\nclass=\"size-large wp-image-1514\"\naria-describedby=\"caption-attachment-1514\" decoding=\"async\"\nloading=\"lazy\"\nsrcset=\"https://zotero.hypotheses.org/files/2017/12/pere_noel_suisse-735x1024.jpeg 735w, https://zotero.hypotheses.org/files/2017/12/pere_noel_suisse-215x300.jpeg 215w, https://zotero.hypotheses.org/files/2017/12/pere_noel_suisse-768x1070.jpeg 768w, https://zotero.hypotheses.org/files/2017/12/pere_noel_suisse.jpeg 1024w\"\nsizes=\"(max-width: 735px) 100vw, 735px\" width=\"735\" height=\"1024\"\nalt=\"pere_noel\" /></a></p>\n<p>Le P\u00e8re No\u00ebl dans les campagnes suisses [dans la neige] :\n[photographie de presse] / [Agence Rol] \u2013 Source : BnF \u2013 <a\nhref=\"http://gallica.bnf.fr/ark:/12148/btv1b53124406p\">http://gallica.bnf.fr/ark:/12148/btv1b53124406p</a></p>\n</div>\n<p>En cette p\u00e9riode de fin d'ann\u00e9e, de r\u00e9jouissances, de repos et de\nbonnes pens\u00e9es, l'\u00e9quipe de r\u00e9daction tient \u00e0 vous pr\u00e9senter ses\nmeilleurs v\u0153ux et vous proposer un avant-go\u00fbt de 2018 avec les id\u00e9es de\nbillet \u00e9chang\u00e9es lors de notre derni\u00e8re conf\u00e9rence de r\u00e9daction.</p>\n<blockquote>\n<p>Vendredi dernier, c'\u00e9tait conf\u00e9rence de r\u00e9daction pour l'\u00e9quipe du\ncarnet <a\nhref=\"https://twitter.com/hashtag/zotero?src=hash&amp;ref_src=twsrc%5Etfw\">#zotero</a>\nfrancophone; on vous concocte une s\u00e9rie de billets pour 2018. Reste \u00e0\nles \u00e9crire\u2026 \ud83d\ude09 ! D'ailleurs\u2026 <a\nhref=\"https://t.co/67JUYTv4wY\">pic.twitter.com/67JUYTv4wY</a></p>\n<p>\u2014 Blog Z Francophone (@zfrancophone) <a\nhref=\"https://twitter.com/zfrancophone/status/941616897677840384?ref_src=twsrc%5Etfw\">15\nd\u00e9cembre 2017</a></p>\n</blockquote>\n<p>Voici donc les principaux th\u00e8mes sur lesquels nous allons tenter de\ntravailler prochainement.</p>\n<ul>\n<li>Les convertisseurs : comment faire quand cela ne fonctionne pas (\u00e0\npartir de l'exemple du convertisseur Cairn)</li>\n<li><span class=\"author-a-m547z78zfw5z78zz73zgz71zlz86zz71zj\">D'EndNote\n\u00e0 Zotero : r\u00e9ussir la migration de sa biblioth\u00e8que<br />\n</span></li>\n<li><span class=\"author-a-m547z78zfw5z78zz73zgz71zlz86zz71zj\">Cr\u00e9er un\nstyle CSL : quel outil d'\u00e9dition choisir ?<br />\n</span></li>\n<li><span class=\"author-a-m547z78zfw5z78zz73zgz71zlz86zz71zj\">Un module\ncompl\u00e9mentaire pour g\u00e9rer vos fichiers joints : Zotfile</span></li>\n<li><span class=\"author-a-z89zz77z6z82zz86zz84zm1nz74zz81zl9poe\">Un\nmodule compl\u00e9mentaire pour mieux g\u00e9rer votre biblioth\u00e8que :\nZutilo</span></li>\n<li><span class=\"author-a-m547z78zfw5z78zz73zgz71zlz86zz71zj\">Markdown\net Zotero </span></li>\n<li><span class=\"author-a-nl86l9z68zvmoz75ziz122zz65zz70zz76z\">\u00c9criture\nscientifique collaborative en ligne et Zotero<br />\n</span></li>\n<li>Les profils multiples dans Zotero 5</li>\n</ul>\n<p>Sans oublier des billets d'actualit\u00e9, sur les formations notamment,\net sans doute \"des trucs et astuces\" pl\u00e9biscit\u00e9s par le petit sondage\nr\u00e9alis\u00e9 sur <a href=\"https://twitter.com/zfrancophone\">notre compte\nTwitter</a>.</p>\n<p>Pour terminer ce dernier billet de 2017, nous partageons avec vous\nnos bonnes r\u00e9solutions zot(h)ero\u00efques pour l'ann\u00e9e 2018.</p>\n<p>*Alain : Finir de nettoyer mes marqueurs, et envisager de passer de\n23 collections \u00e0 moins de 10.<br />\n*</p>\n<p><em>Fr\u00e9d\u00e9rique : Ne pas cr\u00e9er un quatri\u00e8me profil Zotero, 3 c'est\nassez.</em></p>\n<p>*Rapha\u00ebl : Prendre le temps de lire quelques-uns les 300 articles\nmarqu\u00e9s \"\u00e0 lire\" de ma biblioth\u00e8que\u2026<br />\n*</p>\n<p>\u00a0</p>\n<p>Et vous, allez-vous prendre de bonnes r\u00e9solutions zot(h)ero\u00efques\n?</p>","doi":"https://doi.org/10.59350/zd877-rs830","guid":"http://zotero.hypotheses.org/?p=1497","image":"https://zotero.hypotheses.org/files/2017/12/pere_noel_suisse.jpeg","language":"fr","license":"https://creativecommons.org/licenses/by/4.0/legalcode","published_at":1513900800,"rid":"1f6ms-5hm80","summary":"Le P\u00e8re No\u00ebl dans les campagnes suisses [dans la neige] : [photographie de presse] / [Agence Rol] \u2013 Source : BnF \u2013 http://gallica.bnf.fr/ark:/12148/btv1b53124406p En cette p\u00e9riode de fin d'ann\u00e9e, de r\u00e9jouissances, de repos et de bonnes pens\u00e9es, l'\u00e9quipe de r\u00e9daction tient \u00e0 vous pr\u00e9senter ses meilleurs v\u0153ux et vous proposer un avant-go\u00fbt de 2018 avec les id\u00e9es de billet \u00e9chang\u00e9es lors de notre derni\u00e8re conf\u00e9rence de r\u00e9daction.","tags":["Actualit\u00e9s"],"title":"Les v\u0153ux 2018 de la r\u00e9daction","updated_at":1788321224,"url":"https://zotero.hypotheses.org/1497","version":"v1"}],"out_of":55446,"page":1,"per_page":10,"total-results":55446}
